{"id":110559,"date":"2021-02-03T14:18:05","date_gmt":"2021-02-03T19:18:05","guid":{"rendered":"https:\/\/linitiative.ca\/International\/affaire-la-cote-divoire-visee-par-al-qaida-nous-maintenons-la-vigilance-permanente-sidi-toure\/"},"modified":"2021-02-03T14:18:05","modified_gmt":"2021-02-03T19:18:05","slug":"affaire-la-cote-divoire-visee-par-al-qaida-nous-maintenons-la-vigilance-permanente-sidi-toure","status":"publish","type":"post","link":"https:\/\/linitiative.ca\/International\/affaire-la-cote-divoire-visee-par-al-qaida-nous-maintenons-la-vigilance-permanente-sidi-toure\/","title":{"rendered":"Affaire la C\u00f4te d\u2019Ivoire vis\u00e9e par Al-Qa\u00efda: \u00abNous maintenons la vigilance permanente\u00bb (Sidi Tour\u00e9)"},"content":{"rendered":"<div readability=\"32\">\n<p>Publi\u00e9 le 03.02.2021 \u00e0 20h18 par APA News<\/p>\n<\/div>\n<div readability=\"61\">\n<p>Le gouvernement ivoirien a assur\u00e9 mercredi qu\u2019il maintient la \u00abvigilance permanente \u00bb apr\u00e8s des r\u00e9v\u00e9lations de Bernard \u00c9mi\u00e9, le patron du renseignement fran\u00e7ais qui a annonc\u00e9 que le groupe terroriste Al-Qa\u00efda veut viser la C\u00f4te d\u2019Ivoire et le B\u00e9nin.<\/p>\n<p>\u00abNous constatons qu\u2019il y a une annonce qui vient enfoncer une porte qui est d\u00e9j\u00e0 ouverte. Nous \u00e9tions suffisamment alert\u00e9s d\u00e9j\u00e0 depuis plusieurs ann\u00e9es de la menace terroriste que subit notre r\u00e9gion\u2026 Nous maintenons la vigilance permanente concernant cette probl\u00e9matique de terrorisme\u00bb, a indiqu\u00e9 Sidi Ti\u00e9moko Tour\u00e9, le porte-parole du gouvernement ivoirien \u00e0 l\u2019issue d\u2019un Conseil des ministres.\u00a0<\/p>\n<p>Poursuivant, M. Tour\u00e9 qui est par ailleurs, le ministre ivoirien de la Communication et des m\u00e9dias, a soutenu que des dispositions ont \u00e9t\u00e9 prises pour s\u00e9curiser les biens et les personnes en C\u00f4te d\u2019Ivoire contre la survenue de quelques initiatives terroristes. \u00a0<\/p>\n<p>\u00ab \u00a0Depuis des ann\u00e9es des dispositions ont \u00e9t\u00e9 prises pour faire face \u00e0 quelque menace que ce soit \u00bb, a promis M. Tour\u00e9 qui r\u00e9pondait \u00e0 la pr\u00e9occupation d\u2019un journaliste lors de la conf\u00e9rence de presse qui a sanctionn\u00e9 ce Conseil des ministres.\u00a0<\/p>\n<p>En d\u00e9but de semaine, Bernard \u00c9mi\u00e9, le patron de la direction g\u00e9n\u00e9rale de la s\u00e9curit\u00e9 ext\u00e9rieure fran\u00e7aise a affirm\u00e9 que le groupe terroriste Al-Qa\u00efda a un \u00a0\u00abprojet d\u2019expansion \u00bb vers les pays du Golfe de Guin\u00e9e et \u00a0\u00abfinance d\u00e9j\u00e0 des hommes qui se diss\u00e9minent en C\u00f4te d\u2019Ivoire ou au B\u00e9nin\u00bb.\u00a0<\/p>\n<\/div>\n<p>Auteur: APA News<br \/>\n<a href=\"https:\/\/www.journalducameroun.com\/affaire-la-cote-divoire-visee-par-al-qaida-nous-maintenons-la-vigilance-permanente-sidi-toure\/\">Cliquez ici pour lire l&rsquo;article depuis sa source.<\/a><\/p>\n","protected":false},"excerpt":{"rendered":"<p>Publi\u00e9 le 03.02.2021 \u00e0 20h18 par APA News Le gouvernement ivoirien a assur\u00e9 mercredi qu\u2019il maintient la \u00abvigilance permanente \u00bb apr\u00e8s des r\u00e9v\u00e9lations de Bernard \u00c9mi\u00e9, le patron du renseignement fran\u00e7ais qui a annonc\u00e9 que le groupe terroriste Al-Qa\u00efda veut viser la C\u00f4te d\u2019Ivoire et le B\u00e9nin. \u00abNous constatons qu\u2019il y a une annonce qui [&hellip;]<\/p>\n","protected":false},"author":1965,"featured_media":0,"comment_status":"closed","ping_status":"closed","sticky":false,"template":"","format":"standard","meta":{"fifu_image_url":"","fifu_image_alt":"","footnotes":""},"categories":[73,82],"tags":[],"class_list":["post-110559","post","type-post","status-publish","format-standard","hentry","category-actualite","category-cameroun"],"_links":{"self":[{"href":"https:\/\/linitiative.ca\/International\/wp-json\/wp\/v2\/posts\/110559","targetHints":{"allow":["GET"]}}],"collection":[{"href":"https:\/\/linitiative.ca\/International\/wp-json\/wp\/v2\/posts"}],"about":[{"href":"https:\/\/linitiative.ca\/International\/wp-json\/wp\/v2\/types\/post"}],"author":[{"embeddable":true,"href":"https:\/\/linitiative.ca\/International\/wp-json\/wp\/v2\/users\/1965"}],"replies":[{"embeddable":true,"href":"https:\/\/linitiative.ca\/International\/wp-json\/wp\/v2\/comments?post=110559"}],"version-history":[{"count":0,"href":"https:\/\/linitiative.ca\/International\/wp-json\/wp\/v2\/posts\/110559\/revisions"}],"wp:attachment":[{"href":"https:\/\/linitiative.ca\/International\/wp-json\/wp\/v2\/media?parent=110559"}],"wp:term":[{"taxonomy":"category","embeddable":true,"href":"https:\/\/linitiative.ca\/International\/wp-json\/wp\/v2\/categories?post=110559"},{"taxonomy":"post_tag","embeddable":true,"href":"https:\/\/linitiative.ca\/International\/wp-json\/wp\/v2\/tags?post=110559"}],"curies":[{"name":"wp","href":"https:\/\/api.w.org\/{rel}","templated":true}]}}