{"id":110560,"date":"2021-02-03T16:13:44","date_gmt":"2021-02-03T21:13:44","guid":{"rendered":"https:\/\/linitiative.ca\/International\/chan-2020-le-cameroun-elimine-par-le-maroc\/"},"modified":"2021-02-03T16:13:44","modified_gmt":"2021-02-03T21:13:44","slug":"chan-2020-le-cameroun-elimine-par-le-maroc","status":"publish","type":"post","link":"https:\/\/linitiative.ca\/International\/chan-2020-le-cameroun-elimine-par-le-maroc\/","title":{"rendered":"Chan 2020 : le Cameroun \u00e9limin\u00e9 par le Maroc"},"content":{"rendered":"<div readability=\"32\">\n<p>Publi\u00e9 le 03.02.2021 \u00e0 22h13 par Journal du Cameroun<\/p>\n<\/div>\n<div readability=\"53\">\n<h2 class=\"c6\">Les Lions de Martin Ndtoungou Mpil\u00e9 n\u2019ont pas\u00a0 fait le poids face aux Lions de l\u2019Atlas vainqueurs 4-0.<\/h2>\n<p class=\"c7\">Le Cameroun ne disputera pas la finale du Chan sur son propre sol. Battu en demi-finale 4-0 par le Maroc. Deux buts inscrits en premi\u00e8re mi-temps par Souflane Bouftini \u00e0 la retomb\u00e9e d\u2019un coup franc, et Souflane Rahimi sur une contre attaque double la mise \u00e0 la 70e avant d\u2019inscrire\u00a0 une troisi\u00e8me r\u00e9alisation. Mohamed Ali Bemmamer sale l\u2019adition en fin de rencontre.<\/p>\n<p class=\"c7\">Les buts marocains interviennent pour l\u2019essentiel sur des\u00a0 h\u00e9sitations camerounaises. D\u2019abord le gardien Haschou Kerrido qui, sur un coup franc, manque de prendre le ballon en un seul arr\u00eat. L\u2019attaquant marocain Souflane Bouftini \u00e0 la retomb\u00e9e envoie le cuir au fond des filets.<\/p>\n<p class=\"c7\">Le second but marocain est une contre-attaque. Un mauvais marquage de la d\u00e9fense permet aux marocains de jouer rapide en quelques touches de balle pour occasionner le deuxi\u00e8me but sign\u00e9 Souflane Rahimi. Lui qui est encore l\u2019auteur du troisi\u00e8me but sur une faute d\u2019inattention \u00e0 la fois de la d\u00e9fense et du gardien Haschou. Le quatri\u00e8me but intervient en fin de match\u00a0 au moment o\u00f9 le moral de l\u2019\u00e9quipe est effondr\u00e9.<\/p>\n<p class=\"c7\">Le Cameroun va disputer le match de la troisi\u00e8me place le 5 f\u00e9vrier au stade de Japoma \u00e0 Douala. Ce sera contre la Guin\u00e9e qui est tomb\u00e9e aux tirs au but en demi-finale contre le Mali. Le Mali affrontera donc le Maroc, tenant du titre, le 7 f\u00e9vrier \u00e0 Yaound\u00e9.<\/p>\n<\/div>\n<p>Auteur: Christian DJIMADEU<br \/>\n<a href=\"https:\/\/www.journalducameroun.com\/chan-2020-le-cameroun-elimine-par-le-maroc-cameroun\/\">Cliquez ici pour lire l&rsquo;article depuis sa source.<\/a><\/p>\n","protected":false},"excerpt":{"rendered":"<p>Publi\u00e9 le 03.02.2021 \u00e0 22h13 par Journal du Cameroun Les Lions de Martin Ndtoungou Mpil\u00e9 n\u2019ont pas\u00a0 fait le poids face aux Lions de l\u2019Atlas vainqueurs 4-0. Le Cameroun ne disputera pas la finale du Chan sur son propre sol. Battu en demi-finale 4-0 par le Maroc. Deux buts inscrits en premi\u00e8re mi-temps par Souflane [&hellip;]<\/p>\n","protected":false},"author":1965,"featured_media":0,"comment_status":"closed","ping_status":"closed","sticky":false,"template":"","format":"standard","meta":{"fifu_image_url":"","fifu_image_alt":"","footnotes":""},"categories":[73,82],"tags":[],"class_list":["post-110560","post","type-post","status-publish","format-standard","hentry","category-actualite","category-cameroun"],"_links":{"self":[{"href":"https:\/\/linitiative.ca\/International\/wp-json\/wp\/v2\/posts\/110560","targetHints":{"allow":["GET"]}}],"collection":[{"href":"https:\/\/linitiative.ca\/International\/wp-json\/wp\/v2\/posts"}],"about":[{"href":"https:\/\/linitiative.ca\/International\/wp-json\/wp\/v2\/types\/post"}],"author":[{"embeddable":true,"href":"https:\/\/linitiative.ca\/International\/wp-json\/wp\/v2\/users\/1965"}],"replies":[{"embeddable":true,"href":"https:\/\/linitiative.ca\/International\/wp-json\/wp\/v2\/comments?post=110560"}],"version-history":[{"count":0,"href":"https:\/\/linitiative.ca\/International\/wp-json\/wp\/v2\/posts\/110560\/revisions"}],"wp:attachment":[{"href":"https:\/\/linitiative.ca\/International\/wp-json\/wp\/v2\/media?parent=110560"}],"wp:term":[{"taxonomy":"category","embeddable":true,"href":"https:\/\/linitiative.ca\/International\/wp-json\/wp\/v2\/categories?post=110560"},{"taxonomy":"post_tag","embeddable":true,"href":"https:\/\/linitiative.ca\/International\/wp-json\/wp\/v2\/tags?post=110560"}],"curies":[{"name":"wp","href":"https:\/\/api.w.org\/{rel}","templated":true}]}}