{"id":110561,"date":"2021-02-03T16:18:02","date_gmt":"2021-02-03T21:18:02","guid":{"rendered":"https:\/\/linitiative.ca\/International\/le-maroc-appelle-lua-a-developper-une-vision-pour-se-preparer-au-contexte-post-covid\/"},"modified":"2021-02-03T16:18:02","modified_gmt":"2021-02-03T21:18:02","slug":"le-maroc-appelle-lua-a-developper-une-vision-pour-se-preparer-au-contexte-post-covid","status":"publish","type":"post","link":"https:\/\/linitiative.ca\/International\/le-maroc-appelle-lua-a-developper-une-vision-pour-se-preparer-au-contexte-post-covid\/","title":{"rendered":"Le Maroc appelle l\u2019UA \u00e0 d\u00e9velopper une vision pour se pr\u00e9parer au contexte post-Covid"},"content":{"rendered":"<div readability=\"32\">\n<p>Publi\u00e9 le 03.02.2021 \u00e0 22h18 par APA News<\/p>\n<\/div>\n<div readability=\"71\">\n<p>Le ministre marocain des Affaires \u00e9trang\u00e8res, Nasser Bourita a appel\u00e9 l\u2019Union africaine (UA) \u00e0 d\u00e9velopper une vision et interagir avec ses partenaires pour que l\u2019Afrique puisse se pr\u00e9parer au contexte post-Covid.Intervenant lors de la 38\u00e8me session ordinaire du Conseil ex\u00e9cutif de l\u2019Union africaine (UA), tenue par visioconf\u00e9rence, le ministre a relev\u00e9 que 2020 a \u00e9t\u00e9 une ann\u00e9e \u00ab tr\u00e8s difficile \u00bb sous l\u2019effet de la pand\u00e9mie de la Covid-19, mais gr\u00e2ce \u00e0 l\u2019engagement de la Commission de l\u2019UA, des progr\u00e8s importants ont \u00e9t\u00e9 r\u00e9alis\u00e9s, citant notamment l\u2019entr\u00e9e en vigueur de l\u2019Accord sur le libre-\u00e9change continental (ZLECAF), les r\u00e9formes institutionnelles importantes qui ont \u00e9t\u00e9 entreprises et les progr\u00e8s enregistr\u00e9s pour \u00e9tablir la paix et la s\u00e9curit\u00e9 dans le continent.<\/p>\n<p>Des d\u00e9fis se posent \u00e9galement au niveau du renforcement du professionnalisme, de l\u2019\u00e9thique et l\u2019expertise au sein de la commission loin de l\u2019activisme et du manque de professionnalisme, a-t-il soulign\u00e9.<\/p>\n<p>Selon lui, le panafricanisme qui animait le groupe de Casablanca, au d\u00e9but des ann\u00e9es 60, trouve aujourd\u2019hui sa continuit\u00e9 dans la nouvelle g\u00e9n\u00e9ration de leaders africains.<\/p>\n<p>Mettant l\u2019accent sur la comm\u00e9moration du 60-\u00e8me anniversaire de la Conf\u00e9rence de Casablanca lors des travaux par visioconf\u00e9rence, le ministre a rappel\u00e9 qu\u2019en 4 janvier 1961, feu le Roi Mohammed V r\u00e9unissait \u00e0 Casablanca une conf\u00e9rence internationale dans le but d\u2019adopter la Charte de Casablanca et de favoriser l\u2019unit\u00e9 continentale.<\/p>\n<p>Il a soulign\u00e9 que l\u2019ambition \u00e9tait en effet d\u00e9j\u00e0 de cr\u00e9er une Afrique int\u00e9gr\u00e9e sur tous les plans, y compris politique et \u00e9conomique.<\/p>\n<p>Et d\u2019ajouter que l\u2019ambition du Maroc est que la comm\u00e9moration de la Conf\u00e9rence de Casablanca \u00ab nous permette de donner un caract\u00e8re intemporel \u00e0 l\u2019esprit \u00bb et aux aspirations de cette conf\u00e9rence, en faveur d\u2019une Afrique soud\u00e9e, solidaire et unie.<\/p>\n<\/div>\n<p>Auteur: APA News<br \/>\n<a href=\"https:\/\/www.journalducameroun.com\/le-maroc-appelle-lua-a-developper-une-vision-pour-se-preparer-au-contexte-post-covid\/\">Cliquez ici pour lire l&rsquo;article depuis sa source.<\/a><\/p>\n","protected":false},"excerpt":{"rendered":"<p>Publi\u00e9 le 03.02.2021 \u00e0 22h18 par APA News Le ministre marocain des Affaires \u00e9trang\u00e8res, Nasser Bourita a appel\u00e9 l\u2019Union africaine (UA) \u00e0 d\u00e9velopper une vision et interagir avec ses partenaires pour que l\u2019Afrique puisse se pr\u00e9parer au contexte post-Covid.Intervenant lors de la 38\u00e8me session ordinaire du Conseil ex\u00e9cutif de l\u2019Union africaine (UA), tenue par visioconf\u00e9rence, [&hellip;]<\/p>\n","protected":false},"author":1965,"featured_media":0,"comment_status":"closed","ping_status":"closed","sticky":false,"template":"","format":"standard","meta":{"fifu_image_url":"","fifu_image_alt":"","footnotes":""},"categories":[73,82],"tags":[],"class_list":["post-110561","post","type-post","status-publish","format-standard","hentry","category-actualite","category-cameroun"],"_links":{"self":[{"href":"https:\/\/linitiative.ca\/International\/wp-json\/wp\/v2\/posts\/110561","targetHints":{"allow":["GET"]}}],"collection":[{"href":"https:\/\/linitiative.ca\/International\/wp-json\/wp\/v2\/posts"}],"about":[{"href":"https:\/\/linitiative.ca\/International\/wp-json\/wp\/v2\/types\/post"}],"author":[{"embeddable":true,"href":"https:\/\/linitiative.ca\/International\/wp-json\/wp\/v2\/users\/1965"}],"replies":[{"embeddable":true,"href":"https:\/\/linitiative.ca\/International\/wp-json\/wp\/v2\/comments?post=110561"}],"version-history":[{"count":0,"href":"https:\/\/linitiative.ca\/International\/wp-json\/wp\/v2\/posts\/110561\/revisions"}],"wp:attachment":[{"href":"https:\/\/linitiative.ca\/International\/wp-json\/wp\/v2\/media?parent=110561"}],"wp:term":[{"taxonomy":"category","embeddable":true,"href":"https:\/\/linitiative.ca\/International\/wp-json\/wp\/v2\/categories?post=110561"},{"taxonomy":"post_tag","embeddable":true,"href":"https:\/\/linitiative.ca\/International\/wp-json\/wp\/v2\/tags?post=110561"}],"curies":[{"name":"wp","href":"https:\/\/api.w.org\/{rel}","templated":true}]}}