{"id":110565,"date":"2021-02-03T13:25:21","date_gmt":"2021-02-03T18:25:21","guid":{"rendered":"https:\/\/linitiative.ca\/International\/demi-finales-du-chan-2020-pourquoi-la-caf-invalide-loccupation-des-stades-a-50\/"},"modified":"2021-02-03T13:25:21","modified_gmt":"2021-02-03T18:25:21","slug":"demi-finales-du-chan-2020-pourquoi-la-caf-invalide-loccupation-des-stades-a-50","status":"publish","type":"post","link":"https:\/\/linitiative.ca\/International\/demi-finales-du-chan-2020-pourquoi-la-caf-invalide-loccupation-des-stades-a-50\/","title":{"rendered":"Demi-finales du Chan 2020 : pourquoi la Caf invalide l\u2019occupation des stades \u00e0 50%"},"content":{"rendered":"<p>Les affiches des demi-finales du Championnat d\u2019Afrique des Nations (Chan), Cameroun-Maroc et Guin\u00e9e-Mali, respectivement pr\u00e9vues au stade de Limb\u00e9 au Sud-ouest et de Japoma au Littoral, se disputeront ce mercredi 3 f\u00e9vrier 2021, avec moins de spectateurs que pr\u00e9vu. La Conf\u00e9d\u00e9ration africaine de football (Caf) qui avait pr\u00e9alablement autoris\u00e9 un taux d\u2019occupation des stades \u00e0 50% par les spectateurs \u00e0 compter des demi-finales s\u2019est r\u00e9tract\u00e9. Dans une lettre adress\u00e9e le lundi 1er f\u00e9vrier 2021 au pr\u00e9sident du Comit\u00e9 local d\u2019organisation, Narcisse Mouelle Kombi, le secr\u00e9taire g\u00e9n\u00e9ral par int\u00e9rim de la Caf, Abdelmouna\u00efm Bah, pr\u00e9cise que l\u2019instance du football africain maintient le taux de 25% qui \u00e9tait celui adopt\u00e9 lors des matchs de groupes et des quarts de finale.<\/p>\n<p><strong>Lire aussi<\/strong> : <a href=\"https:\/\/ecomatin.net\/chan-2020-le-caf-rejette-laccord-de-50-du-taux-doccupation-des-stades-en-demi-finales\/\">CHAN 2020 : le CAF rejette l\u2019accord de 50% du taux d\u2019occupation des stades en demi-finales<\/a><\/p>\n<p><strong>Pression marocaine (?)<\/strong><\/p>\n<p>La Caf \u00e9voque le non-respect par le Cameroun du protocole Covid-19, non sans menacer de revoir encore \u00e0 la baisse cette proportion pour les matchs de classement et la finale si ledit protocole n\u2019est pas appliqu\u00e9 de mani\u00e8re effective. Une d\u00e9cision qui \u00e9mane des rapports des officiels de la conf\u00e9d\u00e9ration \u00e9tudi\u00e9s au cours d\u2019une r\u00e9union tenue le vendredi 29 janvier 2021 \u00e0 Douala, \u00e0 laquelle a pris part un membre du comit\u00e9 d\u2019organisation, pr\u00e9cise Abdelmouna\u00efm Bah dans sa lettre au ministre des sports camerounais.<\/p>\n<p>Et pourtant, une source au sein du comit\u00e9 de site \u00e0 Douala croit savoir que cette mesure, prise trois jours apr\u00e8s cette r\u00e9union, r\u00e9sulte des plaintes du Maroc, qui a saisi la Caf pour attirer son attention sur le non-respect par le Cameroun du protocole Covid-19. Ensuite, l\u2019incident survenu au stade de Japoma \u00e0 Douala, \u00e0 la fin du quart de finale Cameroun-RD Congo (2-1), o\u00f9 des supporters avaient envahis la pelouse, est venu conforter le Maroc dans sa d\u00e9marche, et a donn\u00e9 du grain \u00e0 moudre \u00e0 la Caf.<\/p>\n<p>Malgr\u00e9 tout, il reste que l\u2019annonce a \u00e9t\u00e9 faite \u00e0 la partie camerounaise avec un retard injustifi\u00e9, \u00e0 24 heures des affiches des demi-finales. \u00ab Nous sommes en droit de nous interroger sur l\u2019annonce tr\u00e8s tardive et abrupte de ce changement de cap. C\u2019est hier (lundi 1er f\u00e9vrier 2021, NDLR) \u00e0 22 heures que la partie camerounaise a \u00e9t\u00e9 officiellement inform\u00e9e \u00bb, a r\u00e9agi le porte-parole du Cocan 20-21, Abel Mbengue, joint mardi au t\u00e9l\u00e9phone.<\/p>\n<p><strong>Lire aussi<\/strong> : <a href=\"https:\/\/ecomatin.net\/chan-total-2020-les-arbitres-a-lecole-de-la-var\/\">CHAN TOTAL 2020 : les arbitres \u00e0 l\u2019\u00e9cole de la VAR<\/a><\/p>\n<p><strong>Quid de la vente des tickets de matchs ?<\/strong><\/p>\n<p>Il va sans dire que cette d\u00e9cision aurait pu cr\u00e9er de graves cons\u00e9quences sur la mise en vente des billets pour la rencontre Cameroun-Maroc en l\u2019occurrence, dans un contexte o\u00f9 il subsiste un clair-obscur dans la distribution des tickets d\u2019acc\u00e8s aux stades. \u00ab Heureusement que la commission n\u2019avait pas encore mis les billets en vente. Elle va mettre en vente les billets correspondant \u00e0 la proportion arr\u00eat\u00e9e tardivement par la Caf \u00bb, relativise Abel Mbengue.<\/p>\n<p>L\u2019une des premi\u00e8res entit\u00e9s \u00e0 subir les cons\u00e9quences de cette d\u00e9cision de la Caf c\u2019est la presse. Le Cocan s\u2019est en effet vu oblig\u00e9 de suspendre les navettes qu\u2019il organise souvent pour faciliter le mouvement des journalistes d\u2019une ville \u00e0 l\u2019autre les jours de matchs. \u00ab La capacit\u00e9 des espaces m\u00e9dias \u00e0 Limb\u00e9 sur la proportion de 25% d\u00e9cid\u00e9e par la Caf [doit] faire l\u2019objet d\u2019une discipline \u00e0 tous \u00e9gards \u00bb, a indiqu\u00e9 le porte-parole du Cocan dans une note information publi\u00e9e mardi.<\/p>\n<p>Les supporters camerounais devraient \u00e9galement subir le pr\u00e9judice, eux qui ont depuis manifest\u00e9 l\u2019engouement de se rendre massivement dans les stades, mais restent butt\u00e9s aux restrictions impos\u00e9es par le Covid-19. Ce dans un contexte o\u00f9 la probl\u00e9matique de la distribution des billets d\u2019acc\u00e8s aux stades se pose avec acuit\u00e9, entre soup\u00e7ons de vente illicite \u00e0 la t\u00eate du client d\u2019une part, et \u00e9coulement dans le march\u00e9 noir. La preuve, au match Cameroun- RD Congo, le stock de tickets mis en vente a \u00e9t\u00e9 \u00e9puis\u00e9 48 heures avant la rencontre, donnant lieu \u00e0 des tensions perceptibles dans les points de distribution o\u00f9 d\u2019interminables files de supporters s\u2019\u00e9taient form\u00e9es. Presqu\u2019en vain.<\/p>\n<p><strong>Lire aussi<\/strong> : <a href=\"https:\/\/ecomatin.net\/chan-total-2020-le-maroc-sest-balade-face-a-la-zambie\/\">CHAN TOTAL 2020 : le Maroc s\u2019est balad\u00e9 face \u00e0 la Zambie<\/a><\/p>\n<p>Yannick KENNE<\/p>\n<p>Auteur: Eco Matin<br \/>\n<a href=\"https:\/\/ecomatin.net\/demi-finales-du-chan-2020-pourquoi-la-caf-invalide-loccupation-des-stades-a-50\/\">Cliquez ici pour lire l&rsquo;article depuis sa source.<\/a><\/p>\n","protected":false},"excerpt":{"rendered":"<p>Les affiches des demi-finales du Championnat d\u2019Afrique des Nations (Chan), Cameroun-Maroc et Guin\u00e9e-Mali, respectivement pr\u00e9vues au stade de Limb\u00e9 au Sud-ouest et de Japoma au Littoral, se disputeront ce mercredi 3 f\u00e9vrier 2021, avec moins de spectateurs que pr\u00e9vu. La Conf\u00e9d\u00e9ration africaine de football (Caf) qui avait pr\u00e9alablement autoris\u00e9 un taux d\u2019occupation des stades \u00e0 [&hellip;]<\/p>\n","protected":false},"author":1969,"featured_media":0,"comment_status":"closed","ping_status":"closed","sticky":false,"template":"","format":"standard","meta":{"fifu_image_url":"","fifu_image_alt":"","footnotes":""},"categories":[82,78],"tags":[],"class_list":["post-110565","post","type-post","status-publish","format-standard","hentry","category-cameroun","category-economie"],"_links":{"self":[{"href":"https:\/\/linitiative.ca\/International\/wp-json\/wp\/v2\/posts\/110565","targetHints":{"allow":["GET"]}}],"collection":[{"href":"https:\/\/linitiative.ca\/International\/wp-json\/wp\/v2\/posts"}],"about":[{"href":"https:\/\/linitiative.ca\/International\/wp-json\/wp\/v2\/types\/post"}],"author":[{"embeddable":true,"href":"https:\/\/linitiative.ca\/International\/wp-json\/wp\/v2\/users\/1969"}],"replies":[{"embeddable":true,"href":"https:\/\/linitiative.ca\/International\/wp-json\/wp\/v2\/comments?post=110565"}],"version-history":[{"count":0,"href":"https:\/\/linitiative.ca\/International\/wp-json\/wp\/v2\/posts\/110565\/revisions"}],"wp:attachment":[{"href":"https:\/\/linitiative.ca\/International\/wp-json\/wp\/v2\/media?parent=110565"}],"wp:term":[{"taxonomy":"category","embeddable":true,"href":"https:\/\/linitiative.ca\/International\/wp-json\/wp\/v2\/categories?post=110565"},{"taxonomy":"post_tag","embeddable":true,"href":"https:\/\/linitiative.ca\/International\/wp-json\/wp\/v2\/tags?post=110565"}],"curies":[{"name":"wp","href":"https:\/\/api.w.org\/{rel}","templated":true}]}}