{"id":110566,"date":"2021-02-03T15:11:21","date_gmt":"2021-02-03T20:11:21","guid":{"rendered":"https:\/\/linitiative.ca\/International\/zlecaf-un-fonds-de-5%e2%80%af455147-milliards-de-fcfa-pour-les-entreprises-africaines\/"},"modified":"2021-02-03T15:11:21","modified_gmt":"2021-02-03T20:11:21","slug":"zlecaf-un-fonds-de-5%e2%80%af455147-milliards-de-fcfa-pour-les-entreprises-africaines","status":"publish","type":"post","link":"https:\/\/linitiative.ca\/International\/zlecaf-un-fonds-de-5%e2%80%af455147-milliards-de-fcfa-pour-les-entreprises-africaines\/","title":{"rendered":"Zlecaf: un fonds de 5\u202f455,147 milliards de Fcfa pour les entreprises africaines"},"content":{"rendered":"<p>Les travaux de la quatri\u00e8me r\u00e9union du conseil des ministres de la Zone de libre-\u00e9change continentale africaine (Zlecaf), tenu ce mardi 2 f\u00e9vrier 2021 par visioconf\u00e9rence, \u00e9tait l\u2019occasion de faire le bilan du d\u00e9marrage des \u00e9changes commerciaux entre les pays africains et d\u2019examiner les recommandations de la sixi\u00e8me r\u00e9union du comit\u00e9 des hauts fonctionnaires charg\u00e9s du commerce de l\u2019Union africaine. Entr\u00e9e en vigueur depuis le 1<sup>er<\/sup>\u00a0janvier 2021, la Zlecaf constitue une importante opportunit\u00e9 pour les entreprises africaines. C\u2019est dans cette dynamique qu\u2019Afreximbank, partenaire\u00a0financier de la Commission de l\u2019Union africaine (CUA), a annonc\u00e9 au cours de la visioconf\u00e9rence, qu\u2019un fond \u00e9valu\u00e9 \u00e0 pr\u00e8s d\u2019une dizaine de milliards de dollars Us (5\u202f455,147 milliards de Fcfa), sera log\u00e9 au Secr\u00e9tariat de la Zlecaf et tiendra compte des contributions des Etats et des financements g\u00e9n\u00e9raux.\u00a0\u00ab\u00a0Vers la voie de la transformation\u2026la Zlecaf devrait permettre de b\u00e2tir les \u00e9conomies africaines\u2026 Afreximbank fera tout pour soutenir le secr\u00e9tariat de la Zlecaf\u00a0\u00bb fait savoir le PDG d\u2019 Afreximbank le Pr Benedict Oramah.<\/p>\n<p><strong>Lire aussi<\/strong> : <a href=\"https:\/\/ecomatin.net\/zlecaf-les-etats-membres-de-lohada-sarriment-au-marche-unique\/\">Zlecaf : les Etats membres de l\u2019Ohada s\u2019arriment au march\u00e9 unique<\/a><\/p>\n<p>\u00a0C\u2019est \u00e0 cet effet, que le ministre du Commerce camerounais Luc Magloire Mbarga Atangana a\u00a0 \u00e9mis le souhait de voir le m\u00e9canisme de soutien d\u2019Afreximbank,\u00a0 dans tous les pays du continent. Quant \u00e0 Verra Songwe la Secr\u00e9taire ex\u00e9cutive de la Commission \u00e9conomique pour l\u2019Afrique (CEA), elle y \u00abvoit une opportunit\u00e9 pour renforcer les capacit\u00e9s des chefs d\u2019entreprises africaines, augmenter la part de l\u2019Afrique au Commerce mondial pour transformer l\u2019\u00e9conomie et acc\u00e9l\u00e9rer le d\u00e9veloppement\u00bb.<\/p>\n<p>Pour les questions d\u2019efficacit\u00e9s, le Secr\u00e9taire g\u00e9n\u00e9ral de la Zlecaf Mene Wankele, a propos\u00e9 un plan de travail sur les concepts tarifaires. Selon le ministre Ghan\u00e9en du Commerce \u00ab les africains fondent beaucoup d\u2019espoir sur la Zlecaf, les d\u00e9fis de protectionnisme et du covid-19 sont l\u00e0, il nous faut les surmonter \u00bb.<\/p>\n<p><strong>Lire aussi<\/strong> : <a href=\"https:\/\/ecomatin.net\/zone-de-libre-echange-continentale-les-enjeux-pour-le-cameroun\/\">Zone de libre-\u00e9change continentale : les enjeux pour le Cameroun<\/a><\/p>\n<p>Une autre annonce forte a \u00e9t\u00e9 faite au courant \u00a0de cette r\u00e9union. Il s\u2019agit de l\u2019\u00e9lection du nouveau bureau du conseil des ministres de la Zlecaf pour l\u2019exercice 2021. Ce dernier sera d\u00e9sormais pr\u00e9sid\u00e9 par la R\u00e9publique Sud-Africaine, et second\u00e9 par le Gabon. \u00a0Jusqu\u2019ici, le poste \u00a0de pr\u00e9sident du conseil \u00e9t\u00e9 occup\u00e9 depuis le 24 octobre 2019 par Assome Aminata Diatta, ministre du Commerce s\u00e9n\u00e9galais. Elle arrive \u00e0 date, \u00a0au terme de son mandat. De nombreux d\u00e9fis cependant\u00a0 se dressent sur la route\u00a0 de la nouvelle \u00e9quipe dirigeante de la Zlecaf, notamment dans la relance des \u00e9conomies africaines\u00a0affaiblies par la pand\u00e9mie. A c\u00f4t\u00e9 de cela, il est attendu du conseil \u00a0une \u00a0r\u00e9elle mise en \u0153uvre de la Zlecaf qui b\u00e9n\u00e9ficiera \u00e0 tous.<\/p>\n<p><strong>\u00a0 Les \u00e9changes d\u00e9j\u00e0 effectifs \u00a0<\/strong><\/p>\n<p>\u00a0Avant\u00a0 de passer le\u00a0 t\u00e9moin \u00e0 l\u2019Afrique du Sud, pour la pr\u00e9sidence du conseil des ministres pour le compte l\u2019ann\u00e9e 2021. Assome Aminata Diatta Mincommerce s\u00e9n\u00e9galais a f\u00e9licit\u00e9 les autorit\u00e9s\u00a0Ghan\u00e9ennes qui ont montr\u00e9 l\u2019exemple \u00e0 travers la premi\u00e8re exp\u00e9dition de marchandises vers le territoire sud-africain sur la base des r\u00e8gles commerciales de la Zlecaf. Elle a aussi soulign\u00e9 que malgr\u00e9 la pand\u00e9mie de la Covid-19, les possibilit\u00e9s de la mise en \u0153uvre de l\u2019accord de la Zlecaf doivent \u00eatre sauvegard\u00e9es au regard des sacrifices consentis par les \u00e9tats membres.<\/p>\n<p><strong>Lire aussi<\/strong> : <a href=\"https:\/\/ecomatin.net\/zlecaf\/\">Zlecaf : Le Cameroun prot\u00e8ge 10 fili\u00e8res contre la concurrence<\/a><\/p>\n<p>Pour rappel, sur le plan national, depuis le lancement des \u00e9changes\u00a0 \u00e9conomique le 01er janvier dernier, le\u00a0 ministre du commerce Camerounais a multipli\u00e9 des rencontres de sensibilisation aupr\u00e8s des op\u00e9rateurs \u00e9conomique camerounais. C\u2019\u00e9tait le cas le 14 janvier \u00e0 Douala dans le cadre d\u2019une rencontre ax\u00e9e sur l\u2019op\u00e9rationnalisation de la Zlecaf. Le trait\u00e9 de la Zlecaf ratifi\u00e9 jusqu\u2019\u00e0 pr\u00e9sent par la plus part des pays africains, est mis sur pied afin\u00a0 d\u2019accro\u00eetre le commerce intra-africain et d\u2019y d\u00e9velopper les richesses. Il pr\u00e9voit d\u2019ici 15 ans au maximum la suppression de 90% des taxes douani\u00e8res sur les biens et les services.<\/p>\n<p>Auteur: Amina MALLOUM<br \/>\n<a href=\"https:\/\/ecomatin.net\/zlecaf-un-fonds-de-5%E2%80%AF455147-milliards-de-fcfa-pour-les-entreprises-africaines\/\">Cliquez ici pour lire l&rsquo;article depuis sa source.<\/a><\/p>\n","protected":false},"excerpt":{"rendered":"<p>Les travaux de la quatri\u00e8me r\u00e9union du conseil des ministres de la Zone de libre-\u00e9change continentale africaine (Zlecaf), tenu ce mardi 2 f\u00e9vrier 2021 par visioconf\u00e9rence, \u00e9tait l\u2019occasion de faire le bilan du d\u00e9marrage des \u00e9changes commerciaux entre les pays africains et d\u2019examiner les recommandations de la sixi\u00e8me r\u00e9union du comit\u00e9 des hauts fonctionnaires charg\u00e9s [&hellip;]<\/p>\n","protected":false},"author":1969,"featured_media":0,"comment_status":"closed","ping_status":"closed","sticky":false,"template":"","format":"standard","meta":{"fifu_image_url":"","fifu_image_alt":"","footnotes":""},"categories":[82,78],"tags":[],"class_list":["post-110566","post","type-post","status-publish","format-standard","hentry","category-cameroun","category-economie"],"_links":{"self":[{"href":"https:\/\/linitiative.ca\/International\/wp-json\/wp\/v2\/posts\/110566","targetHints":{"allow":["GET"]}}],"collection":[{"href":"https:\/\/linitiative.ca\/International\/wp-json\/wp\/v2\/posts"}],"about":[{"href":"https:\/\/linitiative.ca\/International\/wp-json\/wp\/v2\/types\/post"}],"author":[{"embeddable":true,"href":"https:\/\/linitiative.ca\/International\/wp-json\/wp\/v2\/users\/1969"}],"replies":[{"embeddable":true,"href":"https:\/\/linitiative.ca\/International\/wp-json\/wp\/v2\/comments?post=110566"}],"version-history":[{"count":0,"href":"https:\/\/linitiative.ca\/International\/wp-json\/wp\/v2\/posts\/110566\/revisions"}],"wp:attachment":[{"href":"https:\/\/linitiative.ca\/International\/wp-json\/wp\/v2\/media?parent=110566"}],"wp:term":[{"taxonomy":"category","embeddable":true,"href":"https:\/\/linitiative.ca\/International\/wp-json\/wp\/v2\/categories?post=110566"},{"taxonomy":"post_tag","embeddable":true,"href":"https:\/\/linitiative.ca\/International\/wp-json\/wp\/v2\/tags?post=110566"}],"curies":[{"name":"wp","href":"https:\/\/api.w.org\/{rel}","templated":true}]}}