{"id":110569,"date":"2021-02-04T09:17:39","date_gmt":"2021-02-04T14:17:39","guid":{"rendered":"https:\/\/linitiative.ca\/International\/gestion-des-catastrophes-naturelles-le-plan-de-sauvetage-de-linterieur\/"},"modified":"2021-02-04T09:17:39","modified_gmt":"2021-02-04T14:17:39","slug":"gestion-des-catastrophes-naturelles-le-plan-de-sauvetage-de-linterieur","status":"publish","type":"post","link":"https:\/\/linitiative.ca\/International\/gestion-des-catastrophes-naturelles-le-plan-de-sauvetage-de-linterieur\/","title":{"rendered":"Gestion des catastrophes naturelles : Le plan de sauvetage de l\u2019Int\u00e9rieur\u00a0"},"content":{"rendered":"<header>\n<\/header>\n<div class=\"entry-content clearfix\" readability=\"67\"><img decoding=\"async\" class=\"post_layout_5_img\" src=\"http:\/\/aujourdhui.ma\/wp-content\/uploads\/2016\/03\/Catastrophes-naturelles.jpg\" alt=\"Gestion des catastrophes naturelles : Le plan de sauvetage de l&#x2019;Int&#xE9;rieur&#xA0;\"\/><\/p>\n<p><span class=\"c5\"><strong>Tsunamis, inondations, s\u00e9ismes\u2026<\/strong><\/span><span id=\"more-367444\"\/><\/p>\n<p>Le Maroc a connu p\u00e9riodiquement durant son histoire des \u00e9v\u00e9nements tragiques et brutaux d\u2019origine naturelle. On citera par exemple le s\u00e9isme d\u2019Agadir en 1960, les inondations de la vall\u00e9e de l\u2019Ourika en 1995 ou encore le s\u00e9isme d\u2019Al Hoceima en 2004. Pour \u00eatre mieux pr\u00e9par\u00e9 \u00e0 tout \u00e9ventuel risque li\u00e9 aux catastrophes naturelles dans l\u2019avenir, le minist\u00e8re de l\u2019int\u00e9rieur vient de pr\u00e9senter son plan d\u2019action 2020-2030 qui vise \u00e0 r\u00e9duire la vuln\u00e9rabilit\u00e9 face aux d\u00e9sastres naturels et cherche \u00e0 renforcer la r\u00e9silience du pays contre les cons\u00e9quences n\u00e9fastes que pourrait engendrer ce type d\u2019\u00e9v\u00e9nements. Dans un contexte marqu\u00e9 par les changements climatiques, l\u2019expansion urbaine et la croissance d\u00e9mographique, il est donc plus que jamais primordial de se pr\u00e9munir contre les bouleversements climatiques et naturels.<\/p>\n<p>Ce plan a essentiellement pour objectif de contribuer \u00e0 la protection des vies et des biens des populations contre les effets des catastrophes naturelles. Ainsi, les parties prenantes travailleront dans ce cadre sur cinq axes strat\u00e9giques r\u00e9partis en 18 programmes et 56 projets. Il s\u2019agit de renforcer la gouvernance et la gestion des catastrophes naturelles, am\u00e9liorer les connaissances dans ce domaine et faire des \u00e9valuations des risques d\u2019origine naturelle, s\u2019en prot\u00e9ger contre ces faits et d\u00e9velopper les capacit\u00e9s n\u00e9cessaires pour les affronter. Les axes de ce plan se focalisent aussi sur la bonne pr\u00e9paration \u00e0 ces d\u00e9sastres afin de se relever rapidement de ses cons\u00e9quences et d\u00e9marrer la phase de reconstruction. Cette initiative entend aussi encourager la recherche scientifique et la coop\u00e9ration internationale dans ce domaine.<\/p>\n<p>En premier lieu, quatre risques naturels majeurs ont \u00e9t\u00e9 d\u00e9termin\u00e9s. Il s\u2019agit des tsunamis, de l\u2019\u00e9rosion du sol, des s\u00e9ismes, et des inondations. Pour mettre en \u0153uvre ce plan d\u2019action national, un programme de travail complet (2020-2025) et un programme de travail pr\u00e9liminaire (2020-2022) ont \u00e9t\u00e9 fix\u00e9s. Parall\u00e8lement, un m\u00e9canisme de veille et de suivi est mis en place. Il vise \u00e0 fournir par exemple un \u00e9tat d\u00e9taill\u00e9 de l\u2019avancement de l\u2019ach\u00e8vement de ce chantier, \u00e0 travers des indicateurs pr\u00e9cis et de permettre de tirer des enseignements des exp\u00e9riences pass\u00e9es. Au niveau organisationnel, une commission minist\u00e9rielle pour le suivi des risques li\u00e9s aux catastrophes naturelles sous la pr\u00e9sidence du chef de gouvernement sera d\u00e9ploy\u00e9e. Sur le plan repr\u00e9sentatif, elle se d\u00e9clinera en trois niveaux : national, r\u00e9gional, et provincial.<\/p>\n<\/div>\n<p>Auteur: ALM<br \/>\n<a href=\"https:\/\/aujourdhui.ma\/actualite\/gestion-des-catastrophes-naturelles-le-plan-de-sauvetage-de-linterieur\">Cliquez ici pour lire l&rsquo;article depuis sa source.<\/a><\/p>\n","protected":false},"excerpt":{"rendered":"<p>Tsunamis, inondations, s\u00e9ismes\u2026 Le Maroc a connu p\u00e9riodiquement durant son histoire des \u00e9v\u00e9nements tragiques et brutaux d\u2019origine naturelle. On citera par exemple le s\u00e9isme d\u2019Agadir en 1960, les inondations de la vall\u00e9e de l\u2019Ourika en 1995 ou encore le s\u00e9isme d\u2019Al Hoceima en 2004. Pour \u00eatre mieux pr\u00e9par\u00e9 \u00e0 tout \u00e9ventuel risque li\u00e9 aux catastrophes [&hellip;]<\/p>\n","protected":false},"author":1759,"featured_media":0,"comment_status":"closed","ping_status":"closed","sticky":false,"template":"","format":"standard","meta":{"fifu_image_url":"http:\/\/aujourdhui.ma\/wp-content\/uploads\/2016\/03\/Catastrophes-naturelles.jpg","fifu_image_alt":"Gestion des catastrophes naturelles : Le plan de sauvetage de l\u2019Int\u00e9rieur\u00a0","footnotes":""},"categories":[73,54],"tags":[],"class_list":["post-110569","post","type-post","status-publish","format-standard","hentry","category-actualite","category-maroc"],"_links":{"self":[{"href":"https:\/\/linitiative.ca\/International\/wp-json\/wp\/v2\/posts\/110569","targetHints":{"allow":["GET"]}}],"collection":[{"href":"https:\/\/linitiative.ca\/International\/wp-json\/wp\/v2\/posts"}],"about":[{"href":"https:\/\/linitiative.ca\/International\/wp-json\/wp\/v2\/types\/post"}],"author":[{"embeddable":true,"href":"https:\/\/linitiative.ca\/International\/wp-json\/wp\/v2\/users\/1759"}],"replies":[{"embeddable":true,"href":"https:\/\/linitiative.ca\/International\/wp-json\/wp\/v2\/comments?post=110569"}],"version-history":[{"count":0,"href":"https:\/\/linitiative.ca\/International\/wp-json\/wp\/v2\/posts\/110569\/revisions"}],"wp:attachment":[{"href":"https:\/\/linitiative.ca\/International\/wp-json\/wp\/v2\/media?parent=110569"}],"wp:term":[{"taxonomy":"category","embeddable":true,"href":"https:\/\/linitiative.ca\/International\/wp-json\/wp\/v2\/categories?post=110569"},{"taxonomy":"post_tag","embeddable":true,"href":"https:\/\/linitiative.ca\/International\/wp-json\/wp\/v2\/tags?post=110569"}],"curies":[{"name":"wp","href":"https:\/\/api.w.org\/{rel}","templated":true}]}}