{"id":110570,"date":"2021-02-04T10:30:39","date_gmt":"2021-02-04T15:30:39","guid":{"rendered":"https:\/\/linitiative.ca\/International\/economie-sociale-et-de-deux-pour-coop-expo\/"},"modified":"2021-02-04T10:30:39","modified_gmt":"2021-02-04T15:30:39","slug":"economie-sociale-et-de-deux-pour-coop-expo","status":"publish","type":"post","link":"https:\/\/linitiative.ca\/International\/economie-sociale-et-de-deux-pour-coop-expo\/","title":{"rendered":"Economie sociale : Et de deux pour Coop Expo"},"content":{"rendered":"<p><img decoding=\"async\" class=\"post_layout_5_img\" src=\"http:\/\/aujourdhui.ma\/wp-content\/uploads\/2021\/02\/Economie-sociale-Et-de-deux-pour-Coop-Expo.jpg\" alt=\"Economie sociale : Et de deux pour Coop Expo\"\/><\/p>\n<p><span class=\"c5\"><strong>Le Centre marocain de mise \u00e0 niveau des coop\u00e9ratives (CMMNC) organise du 14 au 28 f\u00e9vrier la deuxi\u00e8me \u00e9dition du salon digital de l\u2019\u00e9conomie sociale et solidaire (ESS) \u00abCoop Expo\u00bb sous le th\u00e8me \u00abLe e-marketing outil d\u2019ouverture sur le monde\u00bb.<\/strong><\/span><span id=\"more-367423\"\/><\/p>\n<p>Ce salon, qui pr\u00e9voit 50 pavillons dont 70% pour les coop\u00e9ratives et le reste pour les artisans, les auto-entrepreneurs, les associations interprofessionnelles, outre les entreprises et \u00e9tablissements relevant du domaine de l\u2019ESS, a ainsi, pour objectif de permettre aux artisans et coop\u00e9ratives de compenser les pertes encaiss\u00e9es suite \u00e0 l\u2019arr\u00eat des salons locaux et nationaux qui constituaient des canaux essentiels pour commercialiser leurs produits, indique le Centre marocain de mise \u00e0 niveau des coop\u00e9ratives.<br \/>Cet \u00e9v\u00e9nement virtuel vise \u00e9galement \u00e0 promouvoir le marketing digital aupr\u00e8s des exposants qui d\u00e9couvriront une exp\u00e9rience in\u00e9dite et ouvre, ainsi, de nouvelles perspectives devant le secteur et vient appuyer les efforts d\u00e9ploy\u00e9s par le minist\u00e8re de tutelle, les institutions, les professionnels, les organisations professionnelles et le priv\u00e9 pour mettre en relief les efforts et les initiatives entrepris dans le cadre du Plan Maroc Vert (PMV) pour le d\u00e9veloppement des produits de terroir au niveau aussi bien provincial, r\u00e9gional que national.<\/p>\n<p>En effet, cette exposition virtuelle permettra de promouvoir ce secteur cl\u00e9 et qui repr\u00e9sente un levier important, cr\u00e9ateur d\u2019emploi et d\u2019am\u00e9lioration des revenus de ses acteurs, ainsi que le soutien \u00e0 la dynamique convergente de ses diff\u00e9rentes composantes, \u00e0 travers la commercialisation des produits et services et la mise en valeur des comp\u00e9tences innovatrices et les domaines pouvant \u00eatre d\u00e9velopp\u00e9s.<br \/>Cette manifestation \u00e0 caract\u00e8re \u00e9conomique est \u00e9galement une opportunit\u00e9 pour renforcer et d\u00e9velopper la coop\u00e9ration entre les diff\u00e9rents partenaires et intervenants, comme parties prenantes pour le renforcement et le d\u00e9veloppement de la rentabilit\u00e9 \u00e9conomique et la mise \u00e0 niveau de la gestion de ses diverses institutions, \u00e0 travers l\u2019organisation de journ\u00e9es d\u2019\u00e9tudes, de s\u00e9minaires et d\u2019ateliers de formation.<\/p>\n<p>Encadr\u00e9es par des experts, des chercheurs et des sp\u00e9cialistes dans le domaine de l\u2019\u00e9conomie sociale et solidaire au niveau national et international, ces rencontres et activit\u00e9s programm\u00e9es seront ax\u00e9es autour de th\u00e8mes relatifs au financement, \u00e0 la qualit\u00e9 et la digitalisation, au cadre juridique et \u00e0 la mise en \u0153uvre territoriale de l\u2019\u00e9conomie de proximit\u00e9.<br \/>A noter que l\u2019organisation de \u00abCoop Expo\u00bb intervient apr\u00e8s celle du Prix national des coop\u00e9ratives qui a connu la qualification de 50 coop\u00e9ratives \u00e0 la phase finale. Ces coop\u00e9ratives ont b\u00e9n\u00e9fici\u00e9 d\u2019un accompagnement pour \u00e9laborer une \u00e9tude de leurs projets.<\/p>\n<p>Auteur: Mohamed Laabid<br \/>\n<a href=\"https:\/\/aujourdhui.ma\/economie\/economie-sociale-et-de-deux-pour-coop-expo\">Cliquez ici pour lire l&rsquo;article depuis sa source.<\/a><\/p>\n","protected":false},"excerpt":{"rendered":"<p>Le Centre marocain de mise \u00e0 niveau des coop\u00e9ratives (CMMNC) organise du 14 au 28 f\u00e9vrier la deuxi\u00e8me \u00e9dition du salon digital de l\u2019\u00e9conomie sociale et solidaire (ESS) \u00abCoop Expo\u00bb sous le th\u00e8me \u00abLe e-marketing outil d\u2019ouverture sur le monde\u00bb. Ce salon, qui pr\u00e9voit 50 pavillons dont 70% pour les coop\u00e9ratives et le reste pour [&hellip;]<\/p>\n","protected":false},"author":1759,"featured_media":0,"comment_status":"closed","ping_status":"closed","sticky":false,"template":"","format":"standard","meta":{"fifu_image_url":"http:\/\/aujourdhui.ma\/wp-content\/uploads\/2021\/02\/Economie-sociale-Et-de-deux-pour-Coop-Expo.jpg","fifu_image_alt":"Economie sociale : Et de deux pour Coop Expo","footnotes":""},"categories":[73,54],"tags":[],"class_list":["post-110570","post","type-post","status-publish","format-standard","hentry","category-actualite","category-maroc"],"_links":{"self":[{"href":"https:\/\/linitiative.ca\/International\/wp-json\/wp\/v2\/posts\/110570","targetHints":{"allow":["GET"]}}],"collection":[{"href":"https:\/\/linitiative.ca\/International\/wp-json\/wp\/v2\/posts"}],"about":[{"href":"https:\/\/linitiative.ca\/International\/wp-json\/wp\/v2\/types\/post"}],"author":[{"embeddable":true,"href":"https:\/\/linitiative.ca\/International\/wp-json\/wp\/v2\/users\/1759"}],"replies":[{"embeddable":true,"href":"https:\/\/linitiative.ca\/International\/wp-json\/wp\/v2\/comments?post=110570"}],"version-history":[{"count":0,"href":"https:\/\/linitiative.ca\/International\/wp-json\/wp\/v2\/posts\/110570\/revisions"}],"wp:attachment":[{"href":"https:\/\/linitiative.ca\/International\/wp-json\/wp\/v2\/media?parent=110570"}],"wp:term":[{"taxonomy":"category","embeddable":true,"href":"https:\/\/linitiative.ca\/International\/wp-json\/wp\/v2\/categories?post=110570"},{"taxonomy":"post_tag","embeddable":true,"href":"https:\/\/linitiative.ca\/International\/wp-json\/wp\/v2\/tags?post=110570"}],"curies":[{"name":"wp","href":"https:\/\/api.w.org\/{rel}","templated":true}]}}