{"id":110571,"date":"2021-02-04T11:12:37","date_gmt":"2021-02-04T16:12:37","guid":{"rendered":"https:\/\/linitiative.ca\/International\/fonds-mohammed-vi-pour-linvestissement-un-projet-de-decret-adopte-par-le-conseil-de-gouvernement\/"},"modified":"2021-02-04T11:12:37","modified_gmt":"2021-02-04T16:12:37","slug":"fonds-mohammed-vi-pour-linvestissement-un-projet-de-decret-adopte-par-le-conseil-de-gouvernement","status":"publish","type":"post","link":"https:\/\/linitiative.ca\/International\/fonds-mohammed-vi-pour-linvestissement-un-projet-de-decret-adopte-par-le-conseil-de-gouvernement\/","title":{"rendered":"\u00ab\u00a0Fonds Mohammed VI pour l\u2019investissement\u00a0\u00bb: Un projet de d\u00e9cret adopt\u00e9 par le conseil de gouvernement"},"content":{"rendered":"<header>\n<\/header>\n<div class=\"entry-content clearfix\" readability=\"55\"><img decoding=\"async\" class=\"post_layout_5_img\" src=\"http:\/\/aujourdhui.ma\/wp-content\/uploads\/2020\/10\/conseil-de-gouvernement.jpg\" alt=\"&#xAB;&#xA0;Fonds Mohammed VI pour l&#x2019;investissement&#xA0;&#xBB;: Un projet de d&#xE9;cret adopt&#xE9; par le conseil de gouvernement\"\/><\/p>\n<p><span class=\"c5\"><strong>Le Conseil de gouvernement, r\u00e9uni jeudi par visioconf\u00e9rence sous la pr\u00e9sidence du chef du gouvernement Saad Dine El Otmani, a approuv\u00e9 le projet de d\u00e9cret n\u00b0 2.21.67 relatif \u00e0 la mise en \u0153uvre des dispositions de la loi n\u00b0 76.20 portant cr\u00e9ation du \u00ab\u00a0Fonds Mohammed VI pour l\u2019investissement\u00a0\u00bb.<\/strong><\/span><\/p>\n<p><span id=\"more-367446\"\/><br \/>En application des Hautes directives royales et afin d\u2019activer le Plan de relance \u00e9conomique, ce texte comprend des exigences organisationnelles pour l\u2019application de ladite loi, a indiqu\u00e9 M. Saaid Amzazi, Porte-parole du gouvernement, dans un communiqu\u00e9 lu lors d\u2019un point de presse tenu \u00e0 l\u2019issue du Conseil de gouvernement.<\/p>\n<p>Il s\u2019agit de fixer \u00e0 15 milliards de DH le capital initial du Fonds et de d\u00e9finir ses statuts, qui comprennent la liste des premiers administrateurs du Conseil d\u2019administration, a pr\u00e9cis\u00e9 M. Amzazi.<br \/>Ce projet de d\u00e9cret a \u00e9t\u00e9 pr\u00e9sent\u00e9 par le ministre de l\u2019\u00c9conomie, des finances et de la r\u00e9forme de l\u2019administration, a-t-il ajout\u00e9.<\/p>\n<\/div>\n<p>Auteur: ALM<br \/>\n<a href=\"https:\/\/aujourdhui.ma\/actualite\/fonds-mohammed-vi-pour-linvestissement-un-projet-de-decret-adopte-par-le-conseil-de-gouvernement\">Cliquez ici pour lire l&rsquo;article depuis sa source.<\/a><\/p>\n","protected":false},"excerpt":{"rendered":"<p>Le Conseil de gouvernement, r\u00e9uni jeudi par visioconf\u00e9rence sous la pr\u00e9sidence du chef du gouvernement Saad Dine El Otmani, a approuv\u00e9 le projet de d\u00e9cret n\u00b0 2.21.67 relatif \u00e0 la mise en \u0153uvre des dispositions de la loi n\u00b0 76.20 portant cr\u00e9ation du \u00ab\u00a0Fonds Mohammed VI pour l\u2019investissement\u00a0\u00bb. En application des Hautes directives royales et [&hellip;]<\/p>\n","protected":false},"author":1759,"featured_media":0,"comment_status":"closed","ping_status":"closed","sticky":false,"template":"","format":"standard","meta":{"fifu_image_url":"http:\/\/aujourdhui.ma\/wp-content\/uploads\/2020\/10\/conseil-de-gouvernement.jpg","fifu_image_alt":"\u00ab\u00a0Fonds Mohammed VI pour l\u2019investissement\u00a0\u00bb: Un projet de d\u00e9cret adopt\u00e9 par le conseil de gouvernement","footnotes":""},"categories":[73,54],"tags":[],"class_list":["post-110571","post","type-post","status-publish","format-standard","hentry","category-actualite","category-maroc"],"_links":{"self":[{"href":"https:\/\/linitiative.ca\/International\/wp-json\/wp\/v2\/posts\/110571","targetHints":{"allow":["GET"]}}],"collection":[{"href":"https:\/\/linitiative.ca\/International\/wp-json\/wp\/v2\/posts"}],"about":[{"href":"https:\/\/linitiative.ca\/International\/wp-json\/wp\/v2\/types\/post"}],"author":[{"embeddable":true,"href":"https:\/\/linitiative.ca\/International\/wp-json\/wp\/v2\/users\/1759"}],"replies":[{"embeddable":true,"href":"https:\/\/linitiative.ca\/International\/wp-json\/wp\/v2\/comments?post=110571"}],"version-history":[{"count":0,"href":"https:\/\/linitiative.ca\/International\/wp-json\/wp\/v2\/posts\/110571\/revisions"}],"wp:attachment":[{"href":"https:\/\/linitiative.ca\/International\/wp-json\/wp\/v2\/media?parent=110571"}],"wp:term":[{"taxonomy":"category","embeddable":true,"href":"https:\/\/linitiative.ca\/International\/wp-json\/wp\/v2\/categories?post=110571"},{"taxonomy":"post_tag","embeddable":true,"href":"https:\/\/linitiative.ca\/International\/wp-json\/wp\/v2\/tags?post=110571"}],"curies":[{"name":"wp","href":"https:\/\/api.w.org\/{rel}","templated":true}]}}