{"id":110572,"date":"2021-02-04T11:30:35","date_gmt":"2021-02-04T16:30:35","guid":{"rendered":"https:\/\/linitiative.ca\/International\/la-fondation-des-musees-honore-la-memoire-de-mohamed-melehi\/"},"modified":"2021-02-04T11:30:35","modified_gmt":"2021-02-04T16:30:35","slug":"la-fondation-des-musees-honore-la-memoire-de-mohamed-melehi","status":"publish","type":"post","link":"https:\/\/linitiative.ca\/International\/la-fondation-des-musees-honore-la-memoire-de-mohamed-melehi\/","title":{"rendered":"La Fondation des mus\u00e9es honore la m\u00e9moire de Mohamed Melehi"},"content":{"rendered":"<p><img decoding=\"async\" class=\"post_layout_5_img\" src=\"http:\/\/aujourdhui.ma\/wp-content\/uploads\/2021\/02\/Mohamed-Melehiartiste-peintre-101.jpg\" alt=\"La Fondation des mus&#xE9;es honore la m&#xE9;moire de Mohamed Melehi\"\/><\/p>\n<p><span class=\"c5\"><strong>En pr\u00e9sence de sa famille, de ses proches, et de nombreuses personnalit\u00e9s du monde de l\u2019art<\/strong><\/span><span id=\"more-367406\"\/><\/p>\n<p>La Fondation nationale des mus\u00e9es (FNM) a rendu r\u00e9cemment un vibrant hommage a\u0300 la m\u00e9moire de l\u2019artiste Mohamed Melehi au Mus\u00e9e Mohammed VI d\u2019art moderne et contemporain (MMVI) de Rabat. Cet \u00e9v\u00e9nement s\u2019est tenu en pr\u00e9sence de sa famille, de ses proches, et de nombreuses personnalit\u00e9s du monde des arts, de la culture dont notamment le ministre de la culture, de la jeunesse et des sports, Othman El Ferdaous, et du ministre de l\u2019\u00e9ducation nationale, de la formation professionnelle, de l\u2019enseignement sup\u00e9rieur et de la recherche scientifique, Saai\u0308d Amzazi. A cette occasion Mehdi Qotbi, pr\u00e9sident de la FNM, a indiqu\u00e9 que \u00abcet hommage est l\u2019occasion de faire la lumi\u00e8re sur la g\u00e9n\u00e9rosit\u00e9 artistique du d\u00e9funt, conform\u00e9ment au r\u00f4le de la FNM dans la promotion des artistes qui ont marqu\u00e9 la sc\u00e8ne\u00bb.<\/p>\n<p><a href=\"https:http:\/\/aujourdhui.ma\/wp-content\/uploads\/2021\/02\/Sans-titre-11-scaled.jpg\"><img decoding=\"async\" loading=\"lazy\" class=\"size-full wp-image-367411 aligncenter\" src=\"http:\/\/aujourdhui.ma\/wp-content\/uploads\/2021\/02\/Sans-titre-11-scaled.jpg\" alt=\"\" width=\"2560\" height=\"1438\" srcset=\"http:\/\/aujourdhui.ma\/wp-content\/uploads\/2021\/02\/Sans-titre-11-scaled.jpg 2560w, \/\/aujourdhui.ma\/wp-content\/uploads\/2021\/02\/Sans-titre-11-300x168.jpg 300w, \/\/aujourdhui.ma\/wp-content\/uploads\/2021\/02\/Sans-titre-11-1024x575.jpg 1024w, \/\/aujourdhui.ma\/wp-content\/uploads\/2021\/02\/Sans-titre-11-768x431.jpg 768w, \/\/aujourdhui.ma\/wp-content\/uploads\/2021\/02\/Sans-titre-11-1536x863.jpg 1536w, \/\/aujourdhui.ma\/wp-content\/uploads\/2021\/02\/Sans-titre-11-2048x1150.jpg 2048w\" sizes=\"auto, (max-width: 2560px) 100vw, 2560px\"\/><\/a><\/p>\n<p>Tout en soulignant la place essentielle de la culture au Maroc, qui a permis aux mus\u00e9es de rester ouverts, durant la pand\u00e9mie de Covid-19, dans le strict respect des protocoles sanitaires, M. Qotbi a annonc\u00e9 qu\u2019un projet d\u2019accord tripartite est en cours d\u2019\u00e9laboration entre le minist\u00e8re de la culture, de la jeunesse et des sports, le minist\u00e8re de l\u2019\u00e9ducation nationale, de la formation professionnelle, de l\u2019enseignement sup\u00e9rieur et de la recherche scientifique et la FNM pour mettre en place \u00abun pass qui va permettre aux enseignants la gratuit\u00e9 des mus\u00e9es et des monuments\u00bb. Notons que ce vibrant hommage a \u00e9t\u00e9 marqu\u00e9 par les t\u00e9moignages des proches du d\u00e9funt, et rehauss\u00e9 par la projection d\u2019une capsule vid\u00e9o intitul\u00e9e \u00abLa transcendance d\u2019un fait pictural\u00bb \u00e0 la m\u00e9moire du regrett\u00e9, affichant notamment des mots de Jack Lang, pr\u00e9sident de l\u2019Institut du Monde Arabe, de l\u2019\u00e9crivain Tahar Ben Jelloun, de l\u2019\u00e9crivaine Toni Maraini et du po\u00e8te Mostafa Nissabouri, en plus d\u2019une \u00e9l\u00e9gie r\u00e9cit\u00e9e par Mohamed Bennis.<\/p>\n<p><a href=\"https:http:\/\/aujourdhui.ma\/wp-content\/uploads\/2021\/02\/Sans-titre-2-scaled.jpg\"><img decoding=\"async\" loading=\"lazy\" class=\"size-full wp-image-367412 aligncenter\" src=\"http:\/\/aujourdhui.ma\/wp-content\/uploads\/2021\/02\/Sans-titre-2-scaled.jpg\" alt=\"\" width=\"2560\" height=\"1452\" srcset=\"http:\/\/aujourdhui.ma\/wp-content\/uploads\/2021\/02\/Sans-titre-2-scaled.jpg 2560w, \/\/aujourdhui.ma\/wp-content\/uploads\/2021\/02\/Sans-titre-2-300x170.jpg 300w, \/\/aujourdhui.ma\/wp-content\/uploads\/2021\/02\/Sans-titre-2-1024x581.jpg 1024w, \/\/aujourdhui.ma\/wp-content\/uploads\/2021\/02\/Sans-titre-2-768x436.jpg 768w, \/\/aujourdhui.ma\/wp-content\/uploads\/2021\/02\/Sans-titre-2-1536x871.jpg 1536w, \/\/aujourdhui.ma\/wp-content\/uploads\/2021\/02\/Sans-titre-2-2048x1162.jpg 2048w\" sizes=\"auto, (max-width: 2560px) 100vw, 2560px\"\/><\/a><\/p>\n<p>De m\u00eame, il a \u00e9t\u00e9 marqu\u00e9 par la pr\u00e9sentation d\u2019une plaque comm\u00e9morative d\u00e9voil\u00e9e dans la salle au mus\u00e9e qui porte dor\u00e9navant le nom de Mohamed Melehi, en plus de l\u2019exposition des \u0153uvres de l\u2019artiste dans le cadre de l\u2019\u00e9v\u00e9nement : \u00abLes peintres marocains dans les collections nationales, de Ben Ali R\u2019bati \u00e0 nos jours\u00bb. Pour rappel, l\u2019immense artiste Mohamed Melehi s\u2019est \u00e9teint en octobre 2020. Consid\u00e9r\u00e9 comme l\u2019un des pionniers de l\u2019art moderne, le d\u00e9funt a contribu\u00e9 \u00e0 fa\u00e7onner l\u2019esth\u00e9tique des r\u00e9seaux artistiques post-coloniaux et panarabes \u00e0 travers ses exp\u00e9rimentations g\u00e9om\u00e9triques, la r\u00e9volution culturelle op\u00e9r\u00e9e avec l\u2019\u00e9cole de Casablanca mais aussi son travail de photographe, \u00e9diteur, designer, affichiste et muraliste. Ses cr\u00e9ations ont fait l\u2019objet de plusieurs expositions dans le monde entier et plusieurs r\u00e9trospectives lui ont \u00e9t\u00e9 consacr\u00e9es.<\/p>\n<p>Auteur: Siham Jadraoui<br \/>\n<a href=\"https:\/\/aujourdhui.ma\/culture\/la-fondation-des-musees-honore-la-memoire-de-mohamed-melehi\">Cliquez ici pour lire l&rsquo;article depuis sa source.<\/a><\/p>\n","protected":false},"excerpt":{"rendered":"<p>En pr\u00e9sence de sa famille, de ses proches, et de nombreuses personnalit\u00e9s du monde de l\u2019art La Fondation nationale des mus\u00e9es (FNM) a rendu r\u00e9cemment un vibrant hommage a\u0300 la m\u00e9moire de l\u2019artiste Mohamed Melehi au Mus\u00e9e Mohammed VI d\u2019art moderne et contemporain (MMVI) de Rabat. Cet \u00e9v\u00e9nement s\u2019est tenu en pr\u00e9sence de sa famille, [&hellip;]<\/p>\n","protected":false},"author":1759,"featured_media":0,"comment_status":"closed","ping_status":"closed","sticky":false,"template":"","format":"standard","meta":{"fifu_image_url":"http:\/\/aujourdhui.ma\/wp-content\/uploads\/2021\/02\/Mohamed-Melehiartiste-peintre-101.jpg","fifu_image_alt":"La Fondation des mus\u00e9es honore la m\u00e9moire de Mohamed Melehi","footnotes":""},"categories":[73,54],"tags":[],"class_list":["post-110572","post","type-post","status-publish","format-standard","hentry","category-actualite","category-maroc"],"_links":{"self":[{"href":"https:\/\/linitiative.ca\/International\/wp-json\/wp\/v2\/posts\/110572","targetHints":{"allow":["GET"]}}],"collection":[{"href":"https:\/\/linitiative.ca\/International\/wp-json\/wp\/v2\/posts"}],"about":[{"href":"https:\/\/linitiative.ca\/International\/wp-json\/wp\/v2\/types\/post"}],"author":[{"embeddable":true,"href":"https:\/\/linitiative.ca\/International\/wp-json\/wp\/v2\/users\/1759"}],"replies":[{"embeddable":true,"href":"https:\/\/linitiative.ca\/International\/wp-json\/wp\/v2\/comments?post=110572"}],"version-history":[{"count":0,"href":"https:\/\/linitiative.ca\/International\/wp-json\/wp\/v2\/posts\/110572\/revisions"}],"wp:attachment":[{"href":"https:\/\/linitiative.ca\/International\/wp-json\/wp\/v2\/media?parent=110572"}],"wp:term":[{"taxonomy":"category","embeddable":true,"href":"https:\/\/linitiative.ca\/International\/wp-json\/wp\/v2\/categories?post=110572"},{"taxonomy":"post_tag","embeddable":true,"href":"https:\/\/linitiative.ca\/International\/wp-json\/wp\/v2\/tags?post=110572"}],"curies":[{"name":"wp","href":"https:\/\/api.w.org\/{rel}","templated":true}]}}