{"id":110573,"date":"2021-02-04T07:11:02","date_gmt":"2021-02-04T12:11:02","guid":{"rendered":"https:\/\/linitiative.ca\/International\/quelles-mesures-concretes-pour-relancer-les-exportations-et-linvestissement-post-covid-19\/"},"modified":"2021-02-04T07:11:02","modified_gmt":"2021-02-04T12:11:02","slug":"quelles-mesures-concretes-pour-relancer-les-exportations-et-linvestissement-post-covid-19","status":"publish","type":"post","link":"https:\/\/linitiative.ca\/International\/quelles-mesures-concretes-pour-relancer-les-exportations-et-linvestissement-post-covid-19\/","title":{"rendered":"Quelles mesures concr\u00e8tes pour relancer les exportations et l\u2019investissement post Covid-19?"},"content":{"rendered":"<div class=\"td-post-content\">\n<h2 class=\"c1\">La Chambre tuniso-espagnole de commerce et d\u2019industrie (CTECI)<\/h2>\n<h2 class=\"c1\">organise, vendredi 5 f\u00e9vrier 2021 un webinaire, conjointement avec<\/h2>\n<h2 class=\"c1\">mesures concr\u00e8tes pour relancer les exportations et l\u2019investissement<\/h2>\n<h2 class=\"c1\">post Covid-19. Mais aussi et informer les entrepreneurs sur les<\/h2>\n<h2 class=\"c1\">opportunit\u00e9s et les facilit\u00e9s d\u2019implantation de nouveaux<\/h2>\n<h2 class=\"c1\">investissements.<\/h2>\n<p class=\"c2\">Ainsi, ce webinaire s\u2019ins\u00e8re dans la strat\u00e9gie de communication de la CTECI. Il a pour but l\u2019\u00e9coute et la facilitation du contact permanent avec les membres. Et ce, afin de communiquer durant cette p\u00e9riode d\u00e9licate et d\u2019entretenir des relations de proximit\u00e9. Car, il s\u2019agit de renforcer la coop\u00e9ration internationale.<\/p>\n<p>D\u2019ailleurs, la CTECI s\u2019est associ\u00e9e avec le CCM afin de lancer cette initiative. Elle vise \u00e0 booster les efforts pour susciter l\u2019int\u00e9r\u00eat des investisseurs aux opportunit\u00e9s d\u2019affaires.<\/p>\n<p>En effet, l\u2019objectif de ce webinaire consiste \u00e0 pr\u00e9senter un plan de relance des exportations. Et de pr\u00e9senter aussi des mesures d\u2019accompagnement pour le red\u00e9ploiement des chaines d\u2019approvisionnements; ainsi que pour attirer les investissements directs \u00e9trangers.<\/p>\n<p>Lien du webinaire\u00a0<a href=\"https:\/\/teams.microsoft.com\/dl\/launcher\/launcher.html?url=\/_%23\/l\/meetup-join\/19:meeting_MDUyNzlmMjQtMzRiNy00ZDg2LWE2ZTYtMmFhZWY3ZGZjMmQy@thread.v2\/0%3Fcontext%3D%257b%2522Tid%2522%253a%252297ab8407-3f0d-47db-b24a-c588fcf77654%2522%252c%2522Oid%2522%253a%25220583c02d-4a89-481e-a42b-bcfe8862a6ce%2522%257d%26anon%3Dtrue&amp;type=meetup-join&amp;deeplinkId=5c3124a2-ff7c-4fe3-8dad-f6dbf55b20e8&amp;directDl=true&amp;msLaunch=true&amp;enableMobilePage=true&amp;suppressPrompt=true\" target=\"_blank\" rel=\"noopener noreferrer\">https:\/\/bit.ly\/3sQsyOY<\/a><\/p>\n<h2>Programme<\/h2>\n<ul>\n<li>09h30: accueil des intervenants et pr\u00e9sentation du programme par M. Mondher Khanfir, mod\u00e9rateur.<\/li>\n<li>09h35: ouverture du webinaire par M. Mohsen Boujbel, pr\u00e9sident de la CTECI.<\/li>\n<li>09h45: allocution de M. Ali Kooli, ministre de l\u2019Economie, des Finances et de l\u2019Appui \u00e0 l\u2019investissement.<\/li>\n<li>10h05: allocution de M. Ibrahim Debbache, Pr\u00e9sident du CCM.<\/li>\n<li>10h20: intervention de Son Excellence M. Guillermo Ardizone Garcia, Ambassadeur du Royaume d\u2019Espagne en Tunisie.<\/li>\n<li>10h30: pr\u00e9sentation du rapport sur \u00ab\u00a0L\u2019impact de la Covid-19 sur les entreprises tunisiennes\u00a0\u00bb, par M. Georges Joseph Ghorra, Repr\u00e9sentant R\u00e9sident en Tunisie de l\u2019IFC (World Bank Group).<\/li>\n<li>10h45: t\u00e9moignages \/ questions, r\u00e9ponses (<em>Un repr\u00e9sentant de l\u2019industrie pharmaceutique \u2013 Laboratoires M\u00e9dis Tunisie<\/em>).<\/li>\n<li>11h00: intervention du PDG du CEPEX.<\/li>\n<li>11h10: intervention du General Manager de la FIPA.<\/li>\n<li>11h20: intervention de M. Adel Mohsen Chaabane, Partenaire du cabinet ECC Mazars.<\/li>\n<li>11h30: d\u00e9bat sur \u00ab Comment pr\u00e9parer l\u2019apr\u00e8s Covid-19 \u00bb.\u00a0\u00a0<em>\u2013 Quel plan de relance des exportations?\u00a0 \u00a0 \u00a0 \u00a0 \u00a0 \u00a0 \u00a0<\/em><em>\u2013 Quelles mesures d\u2019accompagnement pour le red\u00e9ploiement des\u00a0 cha\u00eenes d\u2019approvisionnement?\u00a0 \u00a0 \u00a0 \u00a0 \u00a0 \u00a0 \u00a0 \u00a0<\/em><em>\u2013 Comment attirer les investissements et\u00a0 renforcer la coop\u00e9ration internationale?\u00a0<\/em><\/li>\n<li>12h25: conclusion et r\u00e9sum\u00e9 des principales recommandations par le mod\u00e9rateur.<\/li>\n<\/ul>\n<p>leconomistemaghrebin<\/p>\n<\/div>\n<footer>\n<\/footer>\n<div class=\"wp-post-author-wrap wp-post-author-shortcode left\">\n<h3 class=\"awpa-title\"\/>\n<div class=\"wp-post-author\">\n<div class=\"awpa-img awpa-author-block square\"><a href=\"http:\/\/lexpertjournal.net\/fr\/?author=5\"><img loading=\"lazy\" decoding=\"async\" alt=\"\" src=\"http:\/\/0.gravatar.com\/avatar\/97f8e10a1c1125ba104a76514ee07b16?s=150&amp;d=mm&amp;r=g\" srcset=\"http:\/\/0.gravatar.com\/avatar\/97f8e10a1c1125ba104a76514ee07b16?s=300&amp;d=mm&amp;r=g 2x\" class=\"avatar avatar-150 photo\" height=\"150\" width=\"150\"\/><\/a><\/div>\n<\/div>\n<\/div>\n<aside class=\"mashsb-container mashsb-main mashsb-stretched\">\n<\/aside>\n<p>Auteur: L&rsquo;expert<br \/>\n<a href=\"http:\/\/lexpertjournal.net\/fr\/?p=18484\">Cliquez ici pour lire l&rsquo;article depuis sa source.<\/a><\/p>\n","protected":false},"excerpt":{"rendered":"<p>La Chambre tuniso-espagnole de commerce et d\u2019industrie (CTECI) organise, vendredi 5 f\u00e9vrier 2021 un webinaire, conjointement avec mesures concr\u00e8tes pour relancer les exportations et l\u2019investissement post Covid-19. Mais aussi et informer les entrepreneurs sur les opportunit\u00e9s et les facilit\u00e9s d\u2019implantation de nouveaux investissements. Ainsi, ce webinaire s\u2019ins\u00e8re dans la strat\u00e9gie de communication de la CTECI. [&hellip;]<\/p>\n","protected":false},"author":1775,"featured_media":0,"comment_status":"closed","ping_status":"closed","sticky":false,"template":"","format":"standard","meta":{"fifu_image_url":"http:\/\/0.gravatar.com\/avatar\/97f8e10a1c1125ba104a76514ee07b16?s=150&d=mm&r=g","fifu_image_alt":"Quelles mesures concr\u00e8tes pour relancer les exportations et l\u2019investissement post Covid-19?","footnotes":""},"categories":[78,55],"tags":[],"class_list":["post-110573","post","type-post","status-publish","format-standard","hentry","category-economie","category-tunisie"],"_links":{"self":[{"href":"https:\/\/linitiative.ca\/International\/wp-json\/wp\/v2\/posts\/110573","targetHints":{"allow":["GET"]}}],"collection":[{"href":"https:\/\/linitiative.ca\/International\/wp-json\/wp\/v2\/posts"}],"about":[{"href":"https:\/\/linitiative.ca\/International\/wp-json\/wp\/v2\/types\/post"}],"author":[{"embeddable":true,"href":"https:\/\/linitiative.ca\/International\/wp-json\/wp\/v2\/users\/1775"}],"replies":[{"embeddable":true,"href":"https:\/\/linitiative.ca\/International\/wp-json\/wp\/v2\/comments?post=110573"}],"version-history":[{"count":0,"href":"https:\/\/linitiative.ca\/International\/wp-json\/wp\/v2\/posts\/110573\/revisions"}],"wp:attachment":[{"href":"https:\/\/linitiative.ca\/International\/wp-json\/wp\/v2\/media?parent=110573"}],"wp:term":[{"taxonomy":"category","embeddable":true,"href":"https:\/\/linitiative.ca\/International\/wp-json\/wp\/v2\/categories?post=110573"},{"taxonomy":"post_tag","embeddable":true,"href":"https:\/\/linitiative.ca\/International\/wp-json\/wp\/v2\/tags?post=110573"}],"curies":[{"name":"wp","href":"https:\/\/api.w.org\/{rel}","templated":true}]}}