{"id":110574,"date":"2021-02-04T09:15:18","date_gmt":"2021-02-04T14:15:18","guid":{"rendered":"https:\/\/linitiative.ca\/International\/exportations-vegetales-vers-lue-lutilisation-dune-documentation-electronique-pour-les-controles-officiels-reste-en-vigueur\/"},"modified":"2021-02-04T09:15:18","modified_gmt":"2021-02-04T14:15:18","slug":"exportations-vegetales-vers-lue-lutilisation-dune-documentation-electronique-pour-les-controles-officiels-reste-en-vigueur","status":"publish","type":"post","link":"https:\/\/linitiative.ca\/International\/exportations-vegetales-vers-lue-lutilisation-dune-documentation-electronique-pour-les-controles-officiels-reste-en-vigueur\/","title":{"rendered":"Exportations v\u00e9g\u00e9tales vers l\u2019UE : l\u2019utilisation d\u2019une documentation \u00e9lectronique pour les contr\u00f4les officiels reste en vigueur"},"content":{"rendered":"<div class=\"td-post-content\">\n<h2>Les exportateurs tunisiens de plantes et de produits v\u00e9g\u00e9taux<\/h2>\n<h2>(contr\u00f4leurs phytosanitaires, exportateurs\u2026) pourraient continuer<\/h2>\n<h2>d\u2019exporter sur le march\u00e9 europ\u00e9en. Mais conform\u00e9ment au r\u00e8glement<\/h2>\n<h2>d\u2019ex\u00e9cution (<a href=\"https:\/\/europa.eu\/european-union\/index_fr\" target=\"_blank\" rel=\"noopener noreferrer\">UE<\/a>) 2021\/83, adopt\u00e9 le 27 janvier 2021 par le conseil de la<\/h2>\n<h2>Commission europ\u00e9enne. A indiqu\u00e9 jeudi, la Direction g\u00e9n\u00e9rale de la<\/h2>\n<h2>sant\u00e9 v\u00e9g\u00e9tale et du contr\u00f4le des intrants agricoles. Retour sur<\/h2>\n<p>Ce r\u00e8glement \u00a0stipule la poursuite de l\u2019utilisation d\u2019une documentation \u00e9lectronique. Et ce\u00a0 pour la r\u00e9alisation de contr\u00f4les officiels,\u00a0 sans l\u2019obligation de transmettre l\u2019original de ces documents lorsque les contr\u00f4les officiels sont effectu\u00e9s \u00e0 partir de donn\u00e9es \u00e9lectroniques produites et transmises au moyen du syst\u00e8me informatique v\u00e9t\u00e9rinaire int\u00e9gr\u00e9 (Traces) et ce jusqu\u2019au 1 er juillet 2021. Il s\u2019agit ainsi de faciliter les exportations.<\/p>\n<p>Pour garantir la continuit\u00e9 des exportations de plantes et de produits v\u00e9g\u00e9taux vers les march\u00e9s europ\u00e9ens, \u00a0la Direction g\u00e9n\u00e9rale de la sant\u00e9 v\u00e9g\u00e9tale et du contr\u00f4le des intrants agricoles rappelle que les proc\u00e9dures suivantes devraient \u00eatre suivies lors des op\u00e9rations de contr\u00f4le \u00e0 l\u2019exportation : Une copie scann\u00e9e format PDF du certificat phytosanitaire \u00a0doit \u00eatre envoy\u00e9e aux adresses mails : medhioublassaad@gmail.com \u00a0\u00a0et jaouadi_i@yahoo.fr.\u00a0 L\u2019original du certificat phytosanitaire doit \u00eatre plac\u00e9 avec la cargaison \u00e0 l\u2019int\u00e9rieur du conteneur.<\/p>\n<p>Le point de transit de la cargaison vers l\u2019Union Europ\u00e9enne ( le nom du Port) doit \u00eatre mentionn\u00e9 dans la case 7 du certificat phytosanitaire. Pour plus d\u2019informations, les personnes int\u00e9ress\u00e9es peuvent contacter les services de la direction.<\/p>\n<p>Avec TAP<\/p>\n<\/div>\n<footer>\n<\/footer>\n<div class=\"wp-post-author-wrap wp-post-author-shortcode left\">\n<h3 class=\"awpa-title\"\/>\n<div class=\"wp-post-author\">\n<div class=\"awpa-img awpa-author-block square\"><a href=\"http:\/\/lexpertjournal.net\/fr\/?author=5\"><img loading=\"lazy\" decoding=\"async\" alt=\"\" src=\"http:\/\/0.gravatar.com\/avatar\/97f8e10a1c1125ba104a76514ee07b16?s=150&amp;d=mm&amp;r=g\" srcset=\"http:\/\/0.gravatar.com\/avatar\/97f8e10a1c1125ba104a76514ee07b16?s=300&amp;d=mm&amp;r=g 2x\" class=\"avatar avatar-150 photo\" height=\"150\" width=\"150\"\/><\/a><\/div>\n<\/div>\n<\/div>\n<aside class=\"mashsb-container mashsb-main mashsb-stretched\">\n<\/aside>\n<p>Auteur: L&rsquo;expert<br \/>\n<a href=\"http:\/\/lexpertjournal.net\/fr\/?p=18488\">Cliquez ici pour lire l&rsquo;article depuis sa source.<\/a><\/p>\n","protected":false},"excerpt":{"rendered":"<p>Les exportateurs tunisiens de plantes et de produits v\u00e9g\u00e9taux (contr\u00f4leurs phytosanitaires, exportateurs\u2026) pourraient continuer d\u2019exporter sur le march\u00e9 europ\u00e9en. Mais conform\u00e9ment au r\u00e8glement d\u2019ex\u00e9cution (UE) 2021\/83, adopt\u00e9 le 27 janvier 2021 par le conseil de la Commission europ\u00e9enne. A indiqu\u00e9 jeudi, la Direction g\u00e9n\u00e9rale de la sant\u00e9 v\u00e9g\u00e9tale et du contr\u00f4le des intrants agricoles. Retour [&hellip;]<\/p>\n","protected":false},"author":1775,"featured_media":0,"comment_status":"closed","ping_status":"closed","sticky":false,"template":"","format":"standard","meta":{"fifu_image_url":"http:\/\/0.gravatar.com\/avatar\/97f8e10a1c1125ba104a76514ee07b16?s=150&d=mm&r=g","fifu_image_alt":"Exportations v\u00e9g\u00e9tales vers l\u2019UE : l\u2019utilisation d\u2019une documentation \u00e9lectronique pour les contr\u00f4les officiels reste en vigueur","footnotes":""},"categories":[78,55],"tags":[],"class_list":["post-110574","post","type-post","status-publish","format-standard","hentry","category-economie","category-tunisie"],"_links":{"self":[{"href":"https:\/\/linitiative.ca\/International\/wp-json\/wp\/v2\/posts\/110574","targetHints":{"allow":["GET"]}}],"collection":[{"href":"https:\/\/linitiative.ca\/International\/wp-json\/wp\/v2\/posts"}],"about":[{"href":"https:\/\/linitiative.ca\/International\/wp-json\/wp\/v2\/types\/post"}],"author":[{"embeddable":true,"href":"https:\/\/linitiative.ca\/International\/wp-json\/wp\/v2\/users\/1775"}],"replies":[{"embeddable":true,"href":"https:\/\/linitiative.ca\/International\/wp-json\/wp\/v2\/comments?post=110574"}],"version-history":[{"count":0,"href":"https:\/\/linitiative.ca\/International\/wp-json\/wp\/v2\/posts\/110574\/revisions"}],"wp:attachment":[{"href":"https:\/\/linitiative.ca\/International\/wp-json\/wp\/v2\/media?parent=110574"}],"wp:term":[{"taxonomy":"category","embeddable":true,"href":"https:\/\/linitiative.ca\/International\/wp-json\/wp\/v2\/categories?post=110574"},{"taxonomy":"post_tag","embeddable":true,"href":"https:\/\/linitiative.ca\/International\/wp-json\/wp\/v2\/tags?post=110574"}],"curies":[{"name":"wp","href":"https:\/\/api.w.org\/{rel}","templated":true}]}}