{"id":110577,"date":"2021-02-04T09:50:58","date_gmt":"2021-02-04T14:50:58","guid":{"rendered":"https:\/\/linitiative.ca\/International\/zlecaf-le-cepex-organisera-un-webinaire-sur-le-marche-nigerian\/"},"modified":"2021-02-04T09:50:58","modified_gmt":"2021-02-04T14:50:58","slug":"zlecaf-le-cepex-organisera-un-webinaire-sur-le-marche-nigerian","status":"publish","type":"post","link":"https:\/\/linitiative.ca\/International\/zlecaf-le-cepex-organisera-un-webinaire-sur-le-marche-nigerian\/","title":{"rendered":"ZLECAF: le CEPEX organisera un Webinaire sur le march\u00e9 nig\u00e9rian"},"content":{"rendered":"<div class=\"td-post-content\">\n<h2>Le Centre de Promotion des Exportations (<a href=\"http:\/\/www.cepex.nat.tn\/\" target=\"_blank\" rel=\"noopener noreferrer\">CEPEX<\/a>) organise, le 18<\/h2>\n<h2>f\u00e9vrier 2021, un Webinaire \u00ab Point pays Nigeria \u00bb. L\u2019\u00e9v\u00e9nement virtuel<\/h2>\n<h2>pr\u00e9voit\u00a0 des rencontres virtuelles B to B. Et ce, dans le cadre du<\/h2>\n<h2>d\u00e9veloppement des exportations tunisiennes vers les pays<\/h2>\n<h2>subsahariens, membres de la Zone de Libre-\u00e9change Continentale<\/h2>\n<h2>Africaine (<a href=\"http:\/\/www.leconomistemaghrebin.com\/2020\/07\/30\/zlecaf-afrique-pourrait-voir-son-revenu-augmenter-450-milliards-dollars-accord-libre-echange-continental\/\" target=\"_blank\" rel=\"noopener noreferrer\">ZLECAF<\/a>). Zoom sur le march\u00e9 nig\u00e9rian.<\/h2>\n<p>En effet, le chef de la repr\u00e9sentation commerciale du CEPEX \u00e0 Abuja-Nig\u00e9ria animera l\u2019\u00e9v\u00e9nement. Il s\u2019agira d\u2019une occasion pour pr\u00e9senter de nouvelles opportunit\u00e9s. Et ce aux \u00a0dirigeants des entreprises exportatrices, en qu\u00eate d\u2019informations sur le march\u00e9 nig\u00e9rian.<\/p>\n<p>En effet, ce webinaire cible\u00a0 entreprises tunisiennes sp\u00e9cialis\u00e9es dans les fili\u00e8res de l\u2019agro-alimentaire, du b\u00e2timent et travaux publics, des mat\u00e9riaux de construction, et des produits cosm\u00e9tiques. Par ailleurs, les entreprises tunisiennes peuvent s\u2019enregistrer gratuitement \u00e0 ce webinaire, au plus tard le 5 F\u00e9vrier 2020.<\/p>\n<p>Avec TAP<\/p>\n<\/div>\n<footer>\n<\/footer>\n<div class=\"wp-post-author-wrap wp-post-author-shortcode left\">\n<h3 class=\"awpa-title\"\/>\n<div class=\"wp-post-author\">\n<div class=\"awpa-img awpa-author-block square\"><a href=\"http:\/\/lexpertjournal.net\/fr\/?author=5\"><img loading=\"lazy\" decoding=\"async\" alt=\"\" src=\"http:\/\/0.gravatar.com\/avatar\/97f8e10a1c1125ba104a76514ee07b16?s=150&amp;d=mm&amp;r=g\" srcset=\"http:\/\/0.gravatar.com\/avatar\/97f8e10a1c1125ba104a76514ee07b16?s=300&amp;d=mm&amp;r=g 2x\" class=\"avatar avatar-150 photo\" height=\"150\" width=\"150\"\/><\/a><\/div>\n<\/div>\n<\/div>\n<aside class=\"mashsb-container mashsb-main mashsb-stretched\">\n<\/aside>\n<p>Auteur: L&rsquo;expert<br \/>\n<a href=\"http:\/\/lexpertjournal.net\/fr\/?p=18497\">Cliquez ici pour lire l&rsquo;article depuis sa source.<\/a><\/p>\n","protected":false},"excerpt":{"rendered":"<p>Le Centre de Promotion des Exportations (CEPEX) organise, le 18 f\u00e9vrier 2021, un Webinaire \u00ab Point pays Nigeria \u00bb. L\u2019\u00e9v\u00e9nement virtuel pr\u00e9voit\u00a0 des rencontres virtuelles B to B. Et ce, dans le cadre du d\u00e9veloppement des exportations tunisiennes vers les pays subsahariens, membres de la Zone de Libre-\u00e9change Continentale Africaine (ZLECAF). Zoom sur le march\u00e9 [&hellip;]<\/p>\n","protected":false},"author":1775,"featured_media":0,"comment_status":"closed","ping_status":"closed","sticky":false,"template":"","format":"standard","meta":{"fifu_image_url":"http:\/\/0.gravatar.com\/avatar\/97f8e10a1c1125ba104a76514ee07b16?s=150&d=mm&r=g","fifu_image_alt":"ZLECAF: le CEPEX organisera un Webinaire sur le march\u00e9 nig\u00e9rian","footnotes":""},"categories":[78,55],"tags":[],"class_list":["post-110577","post","type-post","status-publish","format-standard","hentry","category-economie","category-tunisie"],"_links":{"self":[{"href":"https:\/\/linitiative.ca\/International\/wp-json\/wp\/v2\/posts\/110577","targetHints":{"allow":["GET"]}}],"collection":[{"href":"https:\/\/linitiative.ca\/International\/wp-json\/wp\/v2\/posts"}],"about":[{"href":"https:\/\/linitiative.ca\/International\/wp-json\/wp\/v2\/types\/post"}],"author":[{"embeddable":true,"href":"https:\/\/linitiative.ca\/International\/wp-json\/wp\/v2\/users\/1775"}],"replies":[{"embeddable":true,"href":"https:\/\/linitiative.ca\/International\/wp-json\/wp\/v2\/comments?post=110577"}],"version-history":[{"count":0,"href":"https:\/\/linitiative.ca\/International\/wp-json\/wp\/v2\/posts\/110577\/revisions"}],"wp:attachment":[{"href":"https:\/\/linitiative.ca\/International\/wp-json\/wp\/v2\/media?parent=110577"}],"wp:term":[{"taxonomy":"category","embeddable":true,"href":"https:\/\/linitiative.ca\/International\/wp-json\/wp\/v2\/categories?post=110577"},{"taxonomy":"post_tag","embeddable":true,"href":"https:\/\/linitiative.ca\/International\/wp-json\/wp\/v2\/tags?post=110577"}],"curies":[{"name":"wp","href":"https:\/\/api.w.org\/{rel}","templated":true}]}}