{"id":110578,"date":"2021-02-04T04:30:00","date_gmt":"2021-02-04T09:30:00","guid":{"rendered":"https:\/\/linitiative.ca\/International\/la-date-butoir-du-mjs-sera-t-elle-respectee\/"},"modified":"2021-02-04T04:30:00","modified_gmt":"2021-02-04T09:30:00","slug":"la-date-butoir-du-mjs-sera-t-elle-respectee","status":"publish","type":"post","link":"https:\/\/linitiative.ca\/International\/la-date-butoir-du-mjs-sera-t-elle-respectee\/","title":{"rendered":"La date butoir du MJS sera-t-elle respect\u00e9e ?"},"content":{"rendered":"<div id=\"originalText\" readability=\"60\">\n<p>Le ministre de la Jeunesse et des Sports a\u00a0 adress\u00e9 r\u00e9cemment aux F\u00e9d\u00e9rations\u00a0 sportives\u00a0 nationales une note m\u00e9thodologique relative au processus de renouvellement des structures d\u2019organisation et d\u2019animation sportives nationales (f\u00e9d\u00e9rations et ligues). Le MJS a fix\u00e9, \u00e0 ce titre, les dates des assembl\u00e9es g\u00e9n\u00e9rales ordinaires et \u00e9lectives durant Ia p\u00e9riode du 20-01-2021 au 15-04-2021.<\/p>\n<p>Le 15 avril est donc le dernier d\u00e9lai pour l\u2019organisation de ces AG de fin de mandat. Le MJS a rappel\u00e9 \u00e9galement, \u00e0 ce titre, les conditions du d\u00e9roulement de ces assembl\u00e9es g\u00e9n\u00e9rales, notamment le respect des d\u00e9lais de convocation, les intervalles entre les deux AG (15 jours) et le droit au recours. Or, jusqu\u2019au moment o\u00f9 nous \u00e9crivons ces quelques lignes, la FAF n\u2019a toujours pas rendu publiques les dates des AG, ordinaire et \u00e9lective. Plus qu\u2019un mois et demi nous s\u00e9pare de la date butoir fix\u00e9e par le MJS. Il faut savoir, en effet, que la FAF doit organiser son assembl\u00e9e g\u00e9n\u00e9rale ordinaire pour pr\u00e9senter les bilans de l\u2019exercice 2020.<\/p>\n<p>Au cours de cette AG, il sera proc\u00e9d\u00e9 aussi \u00e0 l\u2019\u00e9lection de la commission \u00e9lectorale qui sera charg\u00e9e d\u2019organiser les prochaines \u00e9lections de la FAF. Cependant, la FAF tient visiblement \u00e0 organiser entre les deux AG, une assembl\u00e9e g\u00e9n\u00e9rale extraordinaire pour l\u2019adoption des nouveaux statuts pour la mise en conformit\u00e9 avec ceux de la FIFA. Si l\u2019on tient compte donc des d\u00e9lais qu\u2019il faut respecter entre les trois AG, il va sans dire que la date butoir du MJS ne sera pas respect\u00e9e.\u00a0<\/p>\n<p class=\"c6\"><strong>\u00a0S. L.\u00a0\u00a0<\/strong><\/p>\n<\/div>\n<div id=\"text_core\" readability=\"60\">\n<p>Le ministre de la Jeunesse et des Sports a\u00a0 adress\u00e9 r\u00e9cemment aux F\u00e9d\u00e9rations\u00a0 sportives\u00a0 nationales une note m\u00e9thodologique relative au processus de renouvellement des structures d\u2019organisation et d\u2019animation sportives nationales (f\u00e9d\u00e9rations et ligues). Le MJS a fix\u00e9, \u00e0 ce titre, les dates des assembl\u00e9es g\u00e9n\u00e9rales ordinaires et \u00e9lectives durant Ia p\u00e9riode du 20-01-2021 au 15-04-2021.<\/p>\n<p>Le 15 avril est donc le dernier d\u00e9lai pour l\u2019organisation de ces AG de fin de mandat. Le MJS a rappel\u00e9 \u00e9galement, \u00e0 ce titre, les conditions du d\u00e9roulement de ces assembl\u00e9es g\u00e9n\u00e9rales, notamment le respect des d\u00e9lais de convocation, les intervalles entre les deux AG (15 jours) et le droit au recours. Or, jusqu\u2019au moment o\u00f9 nous \u00e9crivons ces quelques lignes, la FAF n\u2019a toujours pas rendu publiques les dates des AG, ordinaire et \u00e9lective. Plus qu\u2019un mois et demi nous s\u00e9pare de la date butoir fix\u00e9e par le MJS. Il faut savoir, en effet, que la FAF doit organiser son assembl\u00e9e g\u00e9n\u00e9rale ordinaire pour pr\u00e9senter les bilans de l\u2019exercice 2020.<\/p>\n<p>Au cours de cette AG, il sera proc\u00e9d\u00e9 aussi \u00e0 l\u2019\u00e9lection de la commission \u00e9lectorale qui sera charg\u00e9e d\u2019organiser les prochaines \u00e9lections de la FAF. Cependant, la FAF tient visiblement \u00e0 organiser entre les deux AG, une assembl\u00e9e g\u00e9n\u00e9rale extraordinaire pour l\u2019adoption des nouveaux statuts pour la mise en conformit\u00e9 avec ceux de la FIFA. Si l\u2019on tient compte donc des d\u00e9lais qu\u2019il faut respecter entre les trois AG, il va sans dire que la date butoir du MJS ne sera pas respect\u00e9e.\u00a0<\/p>\n<p class=\"c6\"><strong>\u00a0S. L.\u00a0\u00a0<\/strong><\/p>\n<\/div>\n<p>Auteur:<br \/>\n<a href=\"https:\/\/www.liberte-algerie.com\/sports\/la-date-butoir-du-mjs-sera-t-elle-respectee-353540\">Cliquez ici pour lire l&rsquo;article depuis sa source.<\/a><\/p>\n","protected":false},"excerpt":{"rendered":"<p>Le ministre de la Jeunesse et des Sports a\u00a0 adress\u00e9 r\u00e9cemment aux F\u00e9d\u00e9rations\u00a0 sportives\u00a0 nationales une note m\u00e9thodologique relative au processus de renouvellement des structures d\u2019organisation et d\u2019animation sportives nationales (f\u00e9d\u00e9rations et ligues). Le MJS a fix\u00e9, \u00e0 ce titre, les dates des assembl\u00e9es g\u00e9n\u00e9rales ordinaires et \u00e9lectives durant Ia p\u00e9riode du 20-01-2021 au 15-04-2021. [&hellip;]<\/p>\n","protected":false},"author":1742,"featured_media":0,"comment_status":"closed","ping_status":"closed","sticky":false,"template":"","format":"standard","meta":{"fifu_image_url":"","fifu_image_alt":"","footnotes":""},"categories":[73,53],"tags":[],"class_list":["post-110578","post","type-post","status-publish","format-standard","hentry","category-actualite","category-algerie"],"_links":{"self":[{"href":"https:\/\/linitiative.ca\/International\/wp-json\/wp\/v2\/posts\/110578","targetHints":{"allow":["GET"]}}],"collection":[{"href":"https:\/\/linitiative.ca\/International\/wp-json\/wp\/v2\/posts"}],"about":[{"href":"https:\/\/linitiative.ca\/International\/wp-json\/wp\/v2\/types\/post"}],"author":[{"embeddable":true,"href":"https:\/\/linitiative.ca\/International\/wp-json\/wp\/v2\/users\/1742"}],"replies":[{"embeddable":true,"href":"https:\/\/linitiative.ca\/International\/wp-json\/wp\/v2\/comments?post=110578"}],"version-history":[{"count":0,"href":"https:\/\/linitiative.ca\/International\/wp-json\/wp\/v2\/posts\/110578\/revisions"}],"wp:attachment":[{"href":"https:\/\/linitiative.ca\/International\/wp-json\/wp\/v2\/media?parent=110578"}],"wp:term":[{"taxonomy":"category","embeddable":true,"href":"https:\/\/linitiative.ca\/International\/wp-json\/wp\/v2\/categories?post=110578"},{"taxonomy":"post_tag","embeddable":true,"href":"https:\/\/linitiative.ca\/International\/wp-json\/wp\/v2\/tags?post=110578"}],"curies":[{"name":"wp","href":"https:\/\/api.w.org\/{rel}","templated":true}]}}