{"id":110583,"date":"2021-02-04T07:53:46","date_gmt":"2021-02-04T12:53:46","guid":{"rendered":"https:\/\/linitiative.ca\/International\/mogafrica-solidarite-les-souiris-viennent-en-aide-aux-subsahariens\/"},"modified":"2021-02-04T07:53:46","modified_gmt":"2021-02-04T12:53:46","slug":"mogafrica-solidarite-les-souiris-viennent-en-aide-aux-subsahariens","status":"publish","type":"post","link":"https:\/\/linitiative.ca\/International\/mogafrica-solidarite-les-souiris-viennent-en-aide-aux-subsahariens\/","title":{"rendered":"MogAfrica Solidarit\u00e9: Les Souiris viennent en aide aux subsahariens"},"content":{"rendered":"<p>Face \u00e0 ce constat, des Souiris d\u2019origine ou de c\u0153ur ont lanc\u00e9 une importante action baptis\u00e9e \u00ab\u00a0MogAfrica Solidarit\u00e9\u00a0\u00bb, afin de porter assistance et venir en aide \u00e0 ces immigr\u00e9s subsahariens, ayant choisi de s\u2019installer dans cette Cit\u00e9 mill\u00e9naire, qui demeure une terre d\u2019accueil, d\u2019ouverture et de tol\u00e9rance connue et reconnue pour la g\u00e9n\u00e9rosit\u00e9 de ses habitants et leur solidarit\u00e9 agissante en temps de crises.<\/p>\n<p>Selon les initiateurs de cette op\u00e9ration humanitaire, plac\u00e9e sous le signe \u00ab\u00a0Plus loin tous ensemble !\u00a0\u00bb, ces immigr\u00e9s issus de plusieurs pays de l\u2019Afrique subsaharienne se trouvent actuellement, dans leur majorit\u00e9, en grande difficult\u00e9, faute de ressources suffisantes, \u00e0 cause des effets socio-\u00e9conomiques engendr\u00e9s par cette conjoncture pand\u00e9mique.<\/p>\n<p>\u00ab\u00a0Nos ami (e) s de la communaut\u00e9 africaine subsaharienne (S\u00e9n\u00e9gal, Mali, Cameroun, C\u00f4te-d\u2019Ivoire, Gambie, Guin\u00e9e etc) qui r\u00e9sident \u00e0 Essaouira et dont les revenus proviennent majoritairement de l\u2019activit\u00e9 touristique, sont aujourd\u2019hui confront\u00e9s comme beaucoup d\u2019autres \u00e0 de grandes difficult\u00e9s\u00a0\u00bb, expliquent-ils, ajoutant que la plupart de ces immigr\u00e9s, qui sont des employ\u00e9(e)s de riads ou de restaurants, des musiciens de rue ou des vendeurs d\u2019articles d\u2019artisanat, entre autres, ne disposent pas d\u2019un revenu r\u00e9gulier qui soit suffisant pour satisfaire les besoins de la vie de tous les jours.<\/p>\n<p>Au vu de cette situation, un petit groupe de soutien s\u2019est constitu\u00e9 dans la Cit\u00e9 des Aliz\u00e9s en collaboration avec le pr\u00e9sident de l\u2019Amicale des S\u00e9n\u00e9galais, la communaut\u00e9 la plus repr\u00e9sent\u00e9e \u00e0 Essaouira, M. Mangom Ngom, en vue de r\u00e9fl\u00e9chir aux diff\u00e9rentes actions envisageables pour pr\u00eater main forte \u00e0 ces personnes et \u00e0 leurs familles en situation difficile.<\/p>\n<p>Dans ce sens, plusieurs actions ont \u00e9t\u00e9 lanc\u00e9es, en attendant le coup d\u2019envoi d\u2019autres dans les prochains jours, car n\u00e9cessitant une \u00e9troite collaboration et coordination.<\/p>\n<p>Parmi les initiatives louables d\u00e9j\u00e0 entreprises, figurent l\u2019octroi ou la collecte de dons mat\u00e9riels ou en nature, la mise en vente de produits et d\u2019articles d\u2019artisanat africain, notamment des masques de protection en tissu wax ou des paniers en plastique recycl\u00e9s, l\u2019offre ou la collecte de denr\u00e9es alimentaires, ainsi que l\u2019organisation de marches et randonn\u00e9es caritatives, qui consistent \u00e0 effectuer des balades \u00e0 pieds, dans le strict respect des mesures pr\u00e9ventives en vigueur en vue de contenir la propagation de la Covid-19, avec le versement d\u2019un droit d\u2019inscription au profit d\u2019une association.<\/p>\n<p>Les responsables de cette op\u00e9ration solidaire, qui d\u00e9montre encore l\u2019engagement infaillible des Souiris, d\u2019origine ou de c\u0153ur, dans le cadre de cet \u00e9lan f\u00e9d\u00e9rateur et mobilisateur en vue d\u2019att\u00e9nuer les incidences socio-\u00e9conomiques de la pand\u00e9mie sur la communaut\u00e9 d\u2019immigr\u00e9s d\u2019Afrique subsaharienne, oeuvrent aussi pour le lancement de lev\u00e9es de fonds notamment \u00e0 travers l\u2019organisation d\u2019une exposition-vente d\u2019\u0153uvres picturales et photographiques au profit de ces familles subsahariennes.<\/p>\n<p>\u00ab\u00a0La crise \u00e9conomique engendr\u00e9e par la Covid-19 a impact\u00e9 le cours de la vie normale dans la ville d\u2019Essaouira, \u00e0 l\u2019instar des autres r\u00e9gions du Royaume. Tout au long des mois pass\u00e9s, nous avons \u00e9t\u00e9 t\u00e9moins des difficult\u00e9s d\u2019ordre mat\u00e9riel pour la plupart des gens pour qui le secteur du tourisme et les activit\u00e9s qui gravitent autour sont leur principal gagne-pain dans la Cit\u00e9 des Aliz\u00e9s\u00a0\u00bb, a d\u00e9clar\u00e9 \u00e0 la MAP, M. Anas Khermoui, l\u2019un des initiateurs de \u00ab\u00a0MogAfrica Solidarit\u00e9\u00a0\u00bb.<\/p>\n<p>\u00ab\u00a0Parmi les personnes touch\u00e9es par cette crise sanitaire, figurent les membres de la communaut\u00e9 africaine subsaharienne. Ils ne sont pas tr\u00e8s nombreux \u00e0 vivre \u00e0 Essaouira, mais leur situation est devenue d\u00e9licate, d\u2019o\u00f9 l\u2019id\u00e9e d\u2019un groupe de Souiris de leur porter aide et assistance \u00e0 travers l\u2019organisation de cette initiative afin de les soutenir pendant cette p\u00e9riode complexe pour tous\u00a0\u00bb, a-t-il expliqu\u00e9.<\/p>\n<p>M. Khermoui, \u00e9galement un jeune artiste-peintre, a fait savoir que cette action a \u00e9t\u00e9 favorablement accueillie par les repr\u00e9sentants de la communaut\u00e9 subsaharienne, notant que \u00ab\u00a0MogAfrika Solidarit\u00e9\u00a0\u00bb, qui s\u2019\u00e9tend sur trois mois, est ax\u00e9e sur plusieurs op\u00e9rations caritatives visant, in fine, \u00e0 att\u00e9nuer, dans un contexte de crise sanitaire g\u00e9n\u00e9ralis\u00e9e, les effets de cette pand\u00e9mie sur ces immigr\u00e9s africains.<\/p>\n<p>\u00ab\u00a0Nous sommes tr\u00e8s heureux que nous ayons pu d\u00e9marrer notre op\u00e9ration et nous esp\u00e9rons que la g\u00e9n\u00e9rosit\u00e9 de tout un chacun parmi les Souiris, d\u2019origine ou d\u2019adoption, permettra d\u2019aider nos amis et fr\u00e8res africains dans la Cit\u00e9 des Aliz\u00e9s, en attendant des lendemains meilleurs avec le retour tant attendu \u00e0 une vie des plus normales\u00a0\u00bb, a-t-il souhait\u00e9 en conclusion.<\/p>\n<p>De son c\u00f4t\u00e9, le pr\u00e9sident de l\u2019Amicale des S\u00e9n\u00e9galais r\u00e9sidant \u00e0 Essaouira, M. Mangom Ngom, a exprim\u00e9, dans une d\u00e9claration similaire, sa grande joie et sa profonde gratitude \u00e0 l\u2019endroit de ces acteurs souiris qui ont d\u00e9cid\u00e9 de mener cette noble action en signe de solidarit\u00e9 avec leurs fr\u00e8res et amis africains r\u00e9sidant dans la Cit\u00e9 des Aliz\u00e9s.<\/p>\n<p>\u00ab\u00a0Je me r\u00e9jouis de cette belle initiative qui est venue au moment opportun. Tout le monde connait les probl\u00e8mes que vivent et endurent toutes les populations en g\u00e9n\u00e9ral, dont les Subsahariens, suite \u00e0 cette crise sanitaire inattendue, induite par la propagation du nouveau coronavirus\u00a0\u00bb, a-t-il indiqu\u00e9.<\/p>\n<p>\u00ab\u00a0Ce sont des gens qui travaillent, pour certains, dans des h\u00f4tels ou des restaurants, alors que d\u2019autres exer\u00e7aient des petits m\u00e9tiers : ils ont \u00e9t\u00e9 ainsi directement affect\u00e9s par cette conjoncture\u00a0\u00bb, a-t-il encha\u00een\u00e9, tout en tenant \u00e0 exprimer ses vifs remerciements aux \u00ab\u00a0bonnes volont\u00e9s\u00a0\u00bb qui ont eu l\u2019id\u00e9e de lancer un telle \u0153uvre de soutien.<\/p>\n<p>Il a, en outre, fait part de son immense gratitude aux Souiris, en particulier, et aux Marocains, en g\u00e9n\u00e9ral, pour cette solidarit\u00e9 agissante, et souhait\u00e9 davantage de progr\u00e8s et de prosp\u00e9rit\u00e9 au Royaume du Maroc, sous la conduite clairvoyante de SM le Roi Mohammed VI.<\/p>\n<p>\u00ab\u00a0Je voudrais dire un \u00e9norme merci \u00e0 tous les donateurs souiris. Tous mes compatriotes se joignent \u00e0 moi pour leur exprimer notre grande reconnaissance et profonde estime. Que Dieu les b\u00e9nisse, eux et leurs familles\u00a0\u00bb, a d\u00e9clar\u00e9, pour sa part, Mme Marie-Fran\u00e7oise Djonin Djeket, responsable de l\u2019Association des Ivoiriens d\u2019Essaouira.<\/p>\n<p>Et de relever que ces actions citoyennes entreprises en faveur des immigr\u00e9s africains t\u00e9moignent, avec \u00e9loquence, de cet esprit de solidarit\u00e9 qui anime tous les Marocains, notamment les habitants d\u2019Essaouira, pour porter assistance aux immigr\u00e9s subsahariens r\u00e9sidant dans la ville.<\/p>\n<p>Elle a, dans ce sens, soulign\u00e9 l\u2019importance de cette aide en ces temps de pand\u00e9mie, dans la mesure o\u00f9 elle permettra de soutenir les membres de cette communaut\u00e9 durant cette p\u00e9riode tr\u00e8s rude, afin de surmonter les lourdes r\u00e9percussions de cette crise sanitaire mondiale sans pr\u00e9c\u00e9dent.<\/p>\n<p>Auteur: Meriem IGASS<br \/>\n<a href=\"http:\/\/www.mapmarrakech.ma\/fr\/mogafrica-solidarite-les-souiris-viennent-en-aide-aux-subsahariens\/\">Cliquez ici pour lire l&rsquo;article depuis sa source.<\/a><\/p>\n","protected":false},"excerpt":{"rendered":"<p>Face \u00e0 ce constat, des Souiris d\u2019origine ou de c\u0153ur ont lanc\u00e9 une importante action baptis\u00e9e \u00ab\u00a0MogAfrica Solidarit\u00e9\u00a0\u00bb, afin de porter assistance et venir en aide \u00e0 ces immigr\u00e9s subsahariens, ayant choisi de s\u2019installer dans cette Cit\u00e9 mill\u00e9naire, qui demeure une terre d\u2019accueil, d\u2019ouverture et de tol\u00e9rance connue et reconnue pour la g\u00e9n\u00e9rosit\u00e9 de ses [&hellip;]<\/p>\n","protected":false},"author":1788,"featured_media":0,"comment_status":"closed","ping_status":"closed","sticky":false,"template":"","format":"standard","meta":{"fifu_image_url":"","fifu_image_alt":"","footnotes":""},"categories":[54,76],"tags":[],"class_list":["post-110583","post","type-post","status-publish","format-standard","hentry","category-maroc","category-regions"],"_links":{"self":[{"href":"https:\/\/linitiative.ca\/International\/wp-json\/wp\/v2\/posts\/110583","targetHints":{"allow":["GET"]}}],"collection":[{"href":"https:\/\/linitiative.ca\/International\/wp-json\/wp\/v2\/posts"}],"about":[{"href":"https:\/\/linitiative.ca\/International\/wp-json\/wp\/v2\/types\/post"}],"author":[{"embeddable":true,"href":"https:\/\/linitiative.ca\/International\/wp-json\/wp\/v2\/users\/1788"}],"replies":[{"embeddable":true,"href":"https:\/\/linitiative.ca\/International\/wp-json\/wp\/v2\/comments?post=110583"}],"version-history":[{"count":0,"href":"https:\/\/linitiative.ca\/International\/wp-json\/wp\/v2\/posts\/110583\/revisions"}],"wp:attachment":[{"href":"https:\/\/linitiative.ca\/International\/wp-json\/wp\/v2\/media?parent=110583"}],"wp:term":[{"taxonomy":"category","embeddable":true,"href":"https:\/\/linitiative.ca\/International\/wp-json\/wp\/v2\/categories?post=110583"},{"taxonomy":"post_tag","embeddable":true,"href":"https:\/\/linitiative.ca\/International\/wp-json\/wp\/v2\/tags?post=110583"}],"curies":[{"name":"wp","href":"https:\/\/api.w.org\/{rel}","templated":true}]}}