{"id":110584,"date":"2021-02-04T08:09:42","date_gmt":"2021-02-04T13:09:42","guid":{"rendered":"https:\/\/linitiative.ca\/International\/detournement-de-mineursenquete-judiciaire-a-lencontre-dun-enseignant\/"},"modified":"2021-02-04T08:09:42","modified_gmt":"2021-02-04T13:09:42","slug":"detournement-de-mineursenquete-judiciaire-a-lencontre-dun-enseignant","status":"publish","type":"post","link":"https:\/\/linitiative.ca\/International\/detournement-de-mineursenquete-judiciaire-a-lencontre-dun-enseignant\/","title":{"rendered":"D\u00e9tournement de mineurs:Enqu\u00eate judiciaire \u00e0 l\u2019encontre d\u2019un enseignant"},"content":{"rendered":"<div class=\"single-featured\"><img alt=\"\" data-src=\"http:\/\/www.mapmarrakech.ma\/map\/uploads\/2020\/08\/dgsn-.jpg\"\/><\/div>\n<div class=\"single-post-excerpt post-excerpt-bc\" readability=\"39\">\n<p>El Kela\u00e2 des Sraghna \u2013 La Brigade de la police judiciaire relevant d\u2019El Kela\u00e2 des Sraghna a ouvert mercredi soir une enqu\u00eate judiciaire, sous la supervision du parquet comp\u00e9tent, en vue de v\u00e9rifier les actes criminels reproch\u00e9s \u00e0 un enseignant au primaire, pour son implication pr\u00e9sum\u00e9e dans une affaire de d\u00e9tournement de mineurs, d\u2019attentat \u00e0 la pudeur et de harc\u00e8lement sexuel.<\/p>\n<\/div>\n<div class=\"entry-content clearfix single-post-content\" readability=\"46\">\n<p>La Direction g\u00e9n\u00e9rale de la s\u00fbret\u00e9 nationale (DGSN) a indiqu\u00e9 jeudi, dans un communiqu\u00e9, que les services de la s\u00fbret\u00e9 nationale d\u2019El Kela\u00e2 des Sraghna avaient\u00a0re\u00e7u une plainte\u00a0de la part des tuteurs de huit \u00e9l\u00e8ves filles accusant le suspect de d\u00e9tournement des victimes, de harc\u00e8lement sexuel et d\u2019attentat \u00e0 la pudeur, ce qui a n\u00e9cessit\u00e9 d\u2019ouvrir une enqu\u00eate judiciaire et de soumettre les pr\u00e9sum\u00e9es victimes \u00e0 une expertise m\u00e9dicale.<\/p>\n<p>Le mis en cause (44 ans) a \u00e9t\u00e9 plac\u00e9 en garde \u00e0 vue \u00e0 la disposition de l\u2019enqu\u00eate pr\u00e9liminaire men\u00e9e sous la supervision du parquet comp\u00e9tent, en vue de v\u00e9rifier les actes criminels qui lui sont attribu\u00e9s et d\u2019\u00e9lucider tous les tenants et aboutissants de cette affaire, a conclu la DGSN.<\/p>\n<\/div>\n<p>Auteur: Meriem IGASS<br \/>\n<a href=\"http:\/\/www.mapmarrakech.ma\/fr\/enquete-judiciaire-a-lencontre-dun-enseignant-pour-detournement-de-mineurs\/\">Cliquez ici pour lire l&rsquo;article depuis sa source.<\/a><\/p>\n","protected":false},"excerpt":{"rendered":"<p>El Kela\u00e2 des Sraghna \u2013 La Brigade de la police judiciaire relevant d\u2019El Kela\u00e2 des Sraghna a ouvert mercredi soir une enqu\u00eate judiciaire, sous la supervision du parquet comp\u00e9tent, en vue de v\u00e9rifier les actes criminels reproch\u00e9s \u00e0 un enseignant au primaire, pour son implication pr\u00e9sum\u00e9e dans une affaire de d\u00e9tournement de mineurs, d\u2019attentat \u00e0 [&hellip;]<\/p>\n","protected":false},"author":1788,"featured_media":0,"comment_status":"closed","ping_status":"closed","sticky":false,"template":"","format":"standard","meta":{"fifu_image_url":"http:\/\/www.mapmarrakech.ma\/map\/uploads\/2020\/08\/dgsn-.jpg","fifu_image_alt":"D\u00e9tournement de mineurs:Enqu\u00eate judiciaire \u00e0 l\u2019encontre d\u2019un enseignant","footnotes":""},"categories":[54,76],"tags":[],"class_list":["post-110584","post","type-post","status-publish","format-standard","hentry","category-maroc","category-regions"],"_links":{"self":[{"href":"https:\/\/linitiative.ca\/International\/wp-json\/wp\/v2\/posts\/110584","targetHints":{"allow":["GET"]}}],"collection":[{"href":"https:\/\/linitiative.ca\/International\/wp-json\/wp\/v2\/posts"}],"about":[{"href":"https:\/\/linitiative.ca\/International\/wp-json\/wp\/v2\/types\/post"}],"author":[{"embeddable":true,"href":"https:\/\/linitiative.ca\/International\/wp-json\/wp\/v2\/users\/1788"}],"replies":[{"embeddable":true,"href":"https:\/\/linitiative.ca\/International\/wp-json\/wp\/v2\/comments?post=110584"}],"version-history":[{"count":0,"href":"https:\/\/linitiative.ca\/International\/wp-json\/wp\/v2\/posts\/110584\/revisions"}],"wp:attachment":[{"href":"https:\/\/linitiative.ca\/International\/wp-json\/wp\/v2\/media?parent=110584"}],"wp:term":[{"taxonomy":"category","embeddable":true,"href":"https:\/\/linitiative.ca\/International\/wp-json\/wp\/v2\/categories?post=110584"},{"taxonomy":"post_tag","embeddable":true,"href":"https:\/\/linitiative.ca\/International\/wp-json\/wp\/v2\/tags?post=110584"}],"curies":[{"name":"wp","href":"https:\/\/api.w.org\/{rel}","templated":true}]}}