{"id":110585,"date":"2021-02-04T10:33:13","date_gmt":"2021-02-04T15:33:13","guid":{"rendered":"https:\/\/linitiative.ca\/International\/prolongation-de-letat-durgence-sanitaire-jusquau-10-mars-2021\/"},"modified":"2021-02-04T10:33:13","modified_gmt":"2021-02-04T15:33:13","slug":"prolongation-de-letat-durgence-sanitaire-jusquau-10-mars-2021","status":"publish","type":"post","link":"https:\/\/linitiative.ca\/International\/prolongation-de-letat-durgence-sanitaire-jusquau-10-mars-2021\/","title":{"rendered":"Prolongation de l\u2019\u00e9tat d\u2019urgence sanitaire jusqu\u2019au 10 mars 2021"},"content":{"rendered":"<div class=\"single-featured\"><img alt=\"\" data-src=\"http:\/\/www.mapmarrakech.ma\/map\/uploads\/2021\/02\/coneil-copier.jpg\"\/><\/div>\n<div class=\"single-post-excerpt post-excerpt-bc\" readability=\"38\">\n<p>Le Conseil de gouvernement, r\u00e9uni jeudi \u00e0 Rabat sous la pr\u00e9sidence du chef de gouvernement Saad Dine El Otmani, a d\u00e9cid\u00e9 de prolonger l\u2019\u00e9tat d\u2019urgence sanitaire sur l\u2019ensemble du territoire national jusqu\u2019au 10 mars 2021, et ce dans le cadre des efforts de lutte contre la propagation de la pand\u00e9mie du nouveau coronavirus (Covid-19).<\/p>\n<\/div>\n<div class=\"entry-content clearfix single-post-content\" readability=\"43\">\n<p>Le Conseil de gouvernement a examin\u00e9 et approuv\u00e9 le projet de d\u00e9cret n\u00b0 2.21.69 prorogeant la p\u00e9riode de validit\u00e9 de l\u2019\u00e9tat d\u2019urgence sanitaire sur l\u2019ensemble du territoire national pour faire face \u00e0 la propagation de Covid-19, a indiqu\u00e9 M. Saaid Amzazi, Porte-parole du gouvernement, dans un communiqu\u00e9 lu lors d\u2019un point de presse tenu \u00e0 l\u2019issue du Conseil de gouvernement.<\/p>\n<p>Ce texte intervient dans le souci de permettre aux autorit\u00e9s publiques de continuer de garantir l\u2019efficacit\u00e9 des mesures prises dans le cadre de la lutte contre la pand\u00e9mie li\u00e9e au Covid-19, a pr\u00e9cis\u00e9 M. Amzazi.<\/p>\n<\/div>\n<p>Auteur: Meriem IGASS<br \/>\n<a href=\"http:\/\/www.mapmarrakech.ma\/fr\/prolongation-de-letat-durgence-sanitaire-jusquau-10-mars-2021\/\">Cliquez ici pour lire l&rsquo;article depuis sa source.<\/a><\/p>\n","protected":false},"excerpt":{"rendered":"<p>Le Conseil de gouvernement, r\u00e9uni jeudi \u00e0 Rabat sous la pr\u00e9sidence du chef de gouvernement Saad Dine El Otmani, a d\u00e9cid\u00e9 de prolonger l\u2019\u00e9tat d\u2019urgence sanitaire sur l\u2019ensemble du territoire national jusqu\u2019au 10 mars 2021, et ce dans le cadre des efforts de lutte contre la propagation de la pand\u00e9mie du nouveau coronavirus (Covid-19). Le [&hellip;]<\/p>\n","protected":false},"author":1788,"featured_media":0,"comment_status":"closed","ping_status":"closed","sticky":false,"template":"","format":"standard","meta":{"fifu_image_url":"http:\/\/www.mapmarrakech.ma\/map\/uploads\/2021\/02\/coneil-copier.jpg","fifu_image_alt":"Prolongation de l\u2019\u00e9tat d\u2019urgence sanitaire jusqu\u2019au 10 mars 2021","footnotes":""},"categories":[54,76],"tags":[],"class_list":["post-110585","post","type-post","status-publish","format-standard","hentry","category-maroc","category-regions"],"_links":{"self":[{"href":"https:\/\/linitiative.ca\/International\/wp-json\/wp\/v2\/posts\/110585","targetHints":{"allow":["GET"]}}],"collection":[{"href":"https:\/\/linitiative.ca\/International\/wp-json\/wp\/v2\/posts"}],"about":[{"href":"https:\/\/linitiative.ca\/International\/wp-json\/wp\/v2\/types\/post"}],"author":[{"embeddable":true,"href":"https:\/\/linitiative.ca\/International\/wp-json\/wp\/v2\/users\/1788"}],"replies":[{"embeddable":true,"href":"https:\/\/linitiative.ca\/International\/wp-json\/wp\/v2\/comments?post=110585"}],"version-history":[{"count":0,"href":"https:\/\/linitiative.ca\/International\/wp-json\/wp\/v2\/posts\/110585\/revisions"}],"wp:attachment":[{"href":"https:\/\/linitiative.ca\/International\/wp-json\/wp\/v2\/media?parent=110585"}],"wp:term":[{"taxonomy":"category","embeddable":true,"href":"https:\/\/linitiative.ca\/International\/wp-json\/wp\/v2\/categories?post=110585"},{"taxonomy":"post_tag","embeddable":true,"href":"https:\/\/linitiative.ca\/International\/wp-json\/wp\/v2\/tags?post=110585"}],"curies":[{"name":"wp","href":"https:\/\/api.w.org\/{rel}","templated":true}]}}