{"id":110586,"date":"2021-02-04T13:30:05","date_gmt":"2021-02-04T18:30:05","guid":{"rendered":"https:\/\/linitiative.ca\/International\/covid-19-620-nouveaux-cas-et-742-guerisons-en-24-heures\/"},"modified":"2021-02-04T13:30:05","modified_gmt":"2021-02-04T18:30:05","slug":"covid-19-620-nouveaux-cas-et-742-guerisons-en-24-heures","status":"publish","type":"post","link":"https:\/\/linitiative.ca\/International\/covid-19-620-nouveaux-cas-et-742-guerisons-en-24-heures\/","title":{"rendered":"Covid-19: 620 nouveaux cas et 742 gu\u00e9risons en 24 heures"},"content":{"rendered":"<div readability=\"36\">\n<p>Un total de 620 nouveaux cas d\u2019infection au coronavirus et de 742 gu\u00e9risons a \u00e9t\u00e9 enregistr\u00e9 au cours des derni\u00e8res 24 heures au Maroc, a annonc\u00e9 jeudi le minist\u00e8re de la Sant\u00e9, soulignant que 351.723 personnes ont \u00e9t\u00e9 vaccin\u00e9es jusqu\u2019\u00e0 ce jour.<\/p>\n<\/div>\n<div readability=\"82\">\n<p>Selon le minist\u00e8re, le nouveau bilan porte \u00e0 473.667 le nombre total des contaminations depuis le premier cas signal\u00e9 en mars dernier, et \u00e0 452.522 celui des personnes totalement r\u00e9tablies, soit un taux de gu\u00e9rison de 95,5%, a pr\u00e9cis\u00e9 le minist\u00e8re dans son bulletin quotidien sur la situation de la Covid-19.<\/p>\n<p>Le nombre total des d\u00e9c\u00e8s est pass\u00e9 \u00e0 8.351, avec 28 nouveaux cas recens\u00e9s en 24 heures, soit un taux de l\u00e9talit\u00e9 de 1,8%, a relev\u00e9 la m\u00eame source.<\/p>\n<p>Ces d\u00e9c\u00e8s ont \u00e9t\u00e9 enregistr\u00e9s dans les r\u00e9gions de Casablanca-Settat (8), Rabat-Sal\u00e9-K\u00e9nitra (5), Tanger-T\u00e9touan-Al Hoceima (3), Marrakech-Safi (3), Beni Mellal-Kh\u00e9nifra (3), Dar\u00e2a-Tafilalet (2), F\u00e8s-Mekn\u00e8s (2), l\u2019Oriental (1) et Souss-Massa (1).<\/p>\n<p>Les nouveaux cas ont \u00e9t\u00e9 d\u00e9tect\u00e9s dans les r\u00e9gions de Casablanca-Settat (255), Tanger-T\u00e9touan-Al Hoceima (80), Rabat-Sal\u00e9-K\u00e9nitra (76), l\u2019Oriental (74), Marrakech-Safi (38), Souss-Massa (33), F\u00e8s-Mekn\u00e8s (17), Dar\u00e2a-Tafilalet (12), Beni Mellal-Kh\u00e9nifra (12), La\u00e2youne-Sakia El Hamra (11), Dakhla-Oued Eddahab (8) et Guelmim-Oued Noun (4).<\/p>\n<p>Le nombre des cas actifs s\u2019\u00e9l\u00e8ve \u00e0 12.794, alors que les cas s\u00e9v\u00e8res ou critiques sont au nombre de 622, dont 58 plac\u00e9s sous intubation, d\u2019apr\u00e8s le minist\u00e8re, qui indique que le taux d\u2019occupation des lits de r\u00e9animation Covid-19 est de 19,7%.<\/p>\n<\/div>\n<p>Auteur: Meriem IGASS<br \/>\n<a href=\"http:\/\/www.mapmarrakech.ma\/fr\/covid-19-620-nouveaux-cas-et-742-guerisons-en-24-heures\/\">Cliquez ici pour lire l&rsquo;article depuis sa source.<\/a><\/p>\n","protected":false},"excerpt":{"rendered":"<p>Un total de 620 nouveaux cas d\u2019infection au coronavirus et de 742 gu\u00e9risons a \u00e9t\u00e9 enregistr\u00e9 au cours des derni\u00e8res 24 heures au Maroc, a annonc\u00e9 jeudi le minist\u00e8re de la Sant\u00e9, soulignant que 351.723 personnes ont \u00e9t\u00e9 vaccin\u00e9es jusqu\u2019\u00e0 ce jour. Selon le minist\u00e8re, le nouveau bilan porte \u00e0 473.667 le nombre total des [&hellip;]<\/p>\n","protected":false},"author":1788,"featured_media":0,"comment_status":"closed","ping_status":"closed","sticky":false,"template":"","format":"standard","meta":{"fifu_image_url":"","fifu_image_alt":"","footnotes":""},"categories":[54,76],"tags":[],"class_list":["post-110586","post","type-post","status-publish","format-standard","hentry","category-maroc","category-regions"],"_links":{"self":[{"href":"https:\/\/linitiative.ca\/International\/wp-json\/wp\/v2\/posts\/110586","targetHints":{"allow":["GET"]}}],"collection":[{"href":"https:\/\/linitiative.ca\/International\/wp-json\/wp\/v2\/posts"}],"about":[{"href":"https:\/\/linitiative.ca\/International\/wp-json\/wp\/v2\/types\/post"}],"author":[{"embeddable":true,"href":"https:\/\/linitiative.ca\/International\/wp-json\/wp\/v2\/users\/1788"}],"replies":[{"embeddable":true,"href":"https:\/\/linitiative.ca\/International\/wp-json\/wp\/v2\/comments?post=110586"}],"version-history":[{"count":0,"href":"https:\/\/linitiative.ca\/International\/wp-json\/wp\/v2\/posts\/110586\/revisions"}],"wp:attachment":[{"href":"https:\/\/linitiative.ca\/International\/wp-json\/wp\/v2\/media?parent=110586"}],"wp:term":[{"taxonomy":"category","embeddable":true,"href":"https:\/\/linitiative.ca\/International\/wp-json\/wp\/v2\/categories?post=110586"},{"taxonomy":"post_tag","embeddable":true,"href":"https:\/\/linitiative.ca\/International\/wp-json\/wp\/v2\/tags?post=110586"}],"curies":[{"name":"wp","href":"https:\/\/api.w.org\/{rel}","templated":true}]}}