{"id":110587,"date":"2021-02-04T14:12:43","date_gmt":"2021-02-04T19:12:43","guid":{"rendered":"https:\/\/linitiative.ca\/International\/vaccination-une-importante-affluence-des-citoyens-en-milieu-rural\/"},"modified":"2021-02-04T14:12:43","modified_gmt":"2021-02-04T19:12:43","slug":"vaccination-une-importante-affluence-des-citoyens-en-milieu-rural","status":"publish","type":"post","link":"https:\/\/linitiative.ca\/International\/vaccination-une-importante-affluence-des-citoyens-en-milieu-rural\/","title":{"rendered":"Vaccination: Une importante affluence des citoyens en milieu rural"},"content":{"rendered":"<p><iframe loading=\"lazy\" width=\"1170\" height=\"658\" src=\"https:\/\/www.youtube.com\/embed\/ihsjy45AodE?feature=oembed\" frameborder=\"0\" allow=\"accelerometer; autoplay; clipboard-write; encrypted-media; gyroscope; picture-in-picture\" allowfullscreen=\"\">[embedded content]<\/iframe><\/p>\n<div class=\"single-post-excerpt post-excerpt-bc\" readability=\"38\">\n<p>Les personnes \u00e2g\u00e9es de 75 ans et plus ont afflu\u00e9 en masse, mardi, vers le centre de sant\u00e9 de la commune rurale d\u2019Ighoud (province de Youssoufia), pour recevoir la premi\u00e8re dose du vaccin anti-Covid, dans le cadre de la campagne nationale de vaccination lanc\u00e9e par SM le Roi Mohammed VI.<\/p>\n<\/div>\n<p>Auteur: Meriem IGASS<br \/>\n<a href=\"http:\/\/www.mapmarrakech.ma\/fr\/vaccination-une-importante-affluence-des-citoyens-en-milieu-rural\/\">Cliquez ici pour lire l&rsquo;article depuis sa source.<\/a><\/p>\n","protected":false},"excerpt":{"rendered":"<p>[embedded content] Les personnes \u00e2g\u00e9es de 75 ans et plus ont afflu\u00e9 en masse, mardi, vers le centre de sant\u00e9 de la commune rurale d\u2019Ighoud (province de Youssoufia), pour recevoir la premi\u00e8re dose du vaccin anti-Covid, dans le cadre de la campagne nationale de vaccination lanc\u00e9e par SM le Roi Mohammed VI. Auteur: Meriem IGASS [&hellip;]<\/p>\n","protected":false},"author":1788,"featured_media":0,"comment_status":"closed","ping_status":"closed","sticky":false,"template":"","format":"standard","meta":{"fifu_image_url":"","fifu_image_alt":"","footnotes":""},"categories":[54,76],"tags":[],"class_list":["post-110587","post","type-post","status-publish","format-standard","hentry","category-maroc","category-regions"],"_links":{"self":[{"href":"https:\/\/linitiative.ca\/International\/wp-json\/wp\/v2\/posts\/110587","targetHints":{"allow":["GET"]}}],"collection":[{"href":"https:\/\/linitiative.ca\/International\/wp-json\/wp\/v2\/posts"}],"about":[{"href":"https:\/\/linitiative.ca\/International\/wp-json\/wp\/v2\/types\/post"}],"author":[{"embeddable":true,"href":"https:\/\/linitiative.ca\/International\/wp-json\/wp\/v2\/users\/1788"}],"replies":[{"embeddable":true,"href":"https:\/\/linitiative.ca\/International\/wp-json\/wp\/v2\/comments?post=110587"}],"version-history":[{"count":0,"href":"https:\/\/linitiative.ca\/International\/wp-json\/wp\/v2\/posts\/110587\/revisions"}],"wp:attachment":[{"href":"https:\/\/linitiative.ca\/International\/wp-json\/wp\/v2\/media?parent=110587"}],"wp:term":[{"taxonomy":"category","embeddable":true,"href":"https:\/\/linitiative.ca\/International\/wp-json\/wp\/v2\/categories?post=110587"},{"taxonomy":"post_tag","embeddable":true,"href":"https:\/\/linitiative.ca\/International\/wp-json\/wp\/v2\/tags?post=110587"}],"curies":[{"name":"wp","href":"https:\/\/api.w.org\/{rel}","templated":true}]}}