{"id":110588,"date":"2021-02-03T12:14:33","date_gmt":"2021-02-03T17:14:33","guid":{"rendered":"https:\/\/linitiative.ca\/International\/tanger-linterieur-sevit-dans-la-commune-de-gueznaya\/"},"modified":"2021-02-03T12:14:33","modified_gmt":"2021-02-03T17:14:33","slug":"tanger-linterieur-sevit-dans-la-commune-de-gueznaya","status":"publish","type":"post","link":"https:\/\/linitiative.ca\/International\/tanger-linterieur-sevit-dans-la-commune-de-gueznaya\/","title":{"rendered":"Tanger: L\u2019Int\u00e9rieur s\u00e9vit dans la commune de Gueznaya"},"content":{"rendered":"<p class=\"legend\">L\u2019Int\u00e9rieur s\u00e9vit au Nord. Le pamiste Ahmed Idrissi, pr\u00e9sident de la commune de Gueznaya, vient d\u2019\u00eatre relev\u00e9 de ses fonctions. Dans une correspondance parvenue lundi soir \u00e0 la Wilaya de Tanger dont d\u00e9\u00adpend la commune, le minist\u00e8re de l\u2019Int\u00e9rieur a mis un point d\u2019arr\u00eat aux fonctions du pr\u00e9sident ainsi que de cinq de ses conseillers. La d\u00e9cision intervient apr\u00e8s une s\u00e9rie d\u2019inspec\u00adtions au niveau de la Commune de Gueznaya&#8230;<\/p>\n<div class=\"authen\" readability=\"18.212311557789\">\n<h4>Ch\u00e8re lectrice, cher lecteur,<\/h4>\n<p class=\"rtejustify\"> L&rsquo;article auquel vous tentez d&rsquo;acc\u00e9der est r\u00e9serv\u00e9 \u00e0 la communaut\u00e9 des grands lecteurs de L&rsquo;Economiste. Nous vous invitons \u00e0 vous connecter \u00e0 l&rsquo;aide de vos identifiants pour le consulter. <br \/>Si vous n&rsquo;avez pas encore de compte, vous pouvez souscrire \u00e0 L&rsquo;Abonnement afin d&rsquo;acc\u00e9der \u00e0 l&rsquo;int\u00e9gralit\u00e9 de notre contenu et de profiter de nombreux autres avantages.<\/p>\n<p><a class=\"abonnement_1\" href=\"\/abonnement\">ABONNEZ-VOUS<\/a><\/p>\n<p>Vous \u00eates d\u00e9j\u00e0 abonn\u00e9 \u00e0 L&rsquo;Economiste mais vous n&rsquo;avez pas re\u00e7u vos identifiants?<br \/>Contactez-nous \u00e0 l\u2019adresse <span class=\"__cf_email__\" data-cfemail=\"5534373a3b3b3038303b21153930363a3b3a383c2621307b363a38\">[email\u00a0protected]<\/span> pour les recevoir en indiquant: nom, pr\u00e9nom, email, entreprise, fonction et num\u00e9ro de t\u00e9l\u00e9phone.<\/p>\n<\/div>\n<div class=\"eco-conseil\">\n<div class=\"view view-eco-conseil-16 view-id-eco_conseil_16 view-display-id-cookies view-dom-id-4d91fb228dc5a730a4a5f09192ae6ce3\" readability=\"6\">\n<div class=\"view-header\" readability=\"7\">\n<p><h2><span> Retrouvez dans la m\u00eame rubrique<\/span><\/h2>\n<\/p>\n<\/div>\n<div class=\"view-content\">\n<div id=\"views-bootstrap-grid-1\" class=\"views-bootstrap-grid-plugin-style\">\n<div class=\"row\">\n<div class=\" col-xs-12 col-lg-4\">\n<div class=\"row\">\n<div class=\"col col-xs-12 col-lg-12\">\n<div class=\"field-content\"><a href=\"\/article\/1072836-pme-regions-en-bref\"><img loading=\"lazy\" decoding=\"async\" class=\"img-responsive\" typeof=\"foaf:Image\" src=\"https:\/\/www.leconomiste.com\/sites\/default\/files\/eco7\/public\/styles\/800x400\/public\/default_images\/default_une.jpg?itok=4jZlgnIZ\" width=\"660\" height=\"330\" alt=\"\"\/><\/a><\/div>\n<\/div>\n<div class=\" title_suite_2 col col-xs-12 col-lg-12\"> <a href=\"\/article\/1072836-pme-regions-en-bref\"\/><span class=\"field-content\">PME R\u00e9gions &#8211; En bref<\/span><\/div>\n<\/div>\n<\/div>\n<div class=\" col-xs-12 col-lg-4\">\n<div class=\"row\">\n<div class=\"col col-xs-12 col-lg-12\">\n<div class=\"field-content\"><a href=\"\/article\/1072835-pme-regions-une-epopee-dans-le-haut-de-gamme\"><img loading=\"lazy\" decoding=\"async\" class=\"img-responsive\" typeof=\"foaf:Image\" src=\"https:\/\/www.leconomiste.com\/sites\/default\/files\/eco7\/public\/styles\/800x400\/public\/the-haut-de-gamme-040.jpg?itok=hiVncxIA\" width=\"660\" height=\"330\" alt=\"PME R\u00e9gions - Une \u00e9pop\u00e9e dans le th\u00e9 haut de gamme\"\/><\/a><\/div>\n<\/div>\n<div class=\" title_suite_2 col col-xs-12 col-lg-12\"> <a href=\"\/article\/1072835-pme-regions-une-epopee-dans-le-haut-de-gamme\"\/><span class=\"field-content\">PME R\u00e9gions &#8211; Une \u00e9pop\u00e9e dans le th\u00e9 haut de gamme<\/span><\/div>\n<\/div>\n<\/div>\n<div class=\" col-xs-12 col-lg-4\">\n<div class=\"row\">\n<div class=\"col col-xs-12 col-lg-12\">\n<div class=\"field-content\"><a href=\"\/article\/1072833-dechets-menagers-berkane-digitalise-sa-gestion-de-collecte\"><img loading=\"lazy\" decoding=\"async\" class=\"img-responsive\" typeof=\"foaf:Image\" src=\"https:\/\/www.leconomiste.com\/sites\/default\/files\/eco7\/public\/styles\/800x400\/public\/dechets-menagers-berkane-040.jpg?itok=w5GSd2TQ\" width=\"660\" height=\"330\" alt=\"D\u00e9chets m\u00e9nagers: Berkane digitalise sa gestion de collecte \"\/><\/a><\/div>\n<\/div>\n<div class=\" title_suite_2 col col-xs-12 col-lg-12\"> <a href=\"\/article\/1072833-dechets-menagers-berkane-digitalise-sa-gestion-de-collecte\"\/><span class=\"field-content\">D\u00e9chets m\u00e9nagers: Berkane digitalise sa gestion de collecte <\/span><\/div>\n<\/div>\n<\/div>\n<\/div>\n<\/div>\n<\/div>\n<\/div>\n<\/div>\n<p>Auteur: hlafriqi<br \/>\n<a href=\"https:\/\/www.leconomiste.com\/article\/1072832-tanger-l-interieur-sevit-dans-la-commune-de-gueznaya\">Cliquez ici pour lire l&rsquo;article depuis sa source.<\/a><\/p>\n","protected":false},"excerpt":{"rendered":"<p>L\u2019Int\u00e9rieur s\u00e9vit au Nord. Le pamiste Ahmed Idrissi, pr\u00e9sident de la commune de Gueznaya, vient d\u2019\u00eatre relev\u00e9 de ses fonctions. Dans une correspondance parvenue lundi soir \u00e0 la Wilaya de Tanger dont d\u00e9\u00adpend la commune, le minist\u00e8re de l\u2019Int\u00e9rieur a mis un point d\u2019arr\u00eat aux fonctions du pr\u00e9sident ainsi que de cinq de ses conseillers. [&hellip;]<\/p>\n","protected":false},"author":1763,"featured_media":0,"comment_status":"closed","ping_status":"closed","sticky":false,"template":"","format":"standard","meta":{"fifu_image_url":"https:\/\/www.leconomiste.com\/sites\/default\/files\/eco7\/public\/styles\/800x400\/public\/default_images\/default_une.jpg?itok=4jZlgnIZ","fifu_image_alt":"Tanger: L\u2019Int\u00e9rieur s\u00e9vit dans la commune de Gueznaya","footnotes":""},"categories":[78,54],"tags":[],"class_list":["post-110588","post","type-post","status-publish","format-standard","hentry","category-economie","category-maroc"],"_links":{"self":[{"href":"https:\/\/linitiative.ca\/International\/wp-json\/wp\/v2\/posts\/110588","targetHints":{"allow":["GET"]}}],"collection":[{"href":"https:\/\/linitiative.ca\/International\/wp-json\/wp\/v2\/posts"}],"about":[{"href":"https:\/\/linitiative.ca\/International\/wp-json\/wp\/v2\/types\/post"}],"author":[{"embeddable":true,"href":"https:\/\/linitiative.ca\/International\/wp-json\/wp\/v2\/users\/1763"}],"replies":[{"embeddable":true,"href":"https:\/\/linitiative.ca\/International\/wp-json\/wp\/v2\/comments?post=110588"}],"version-history":[{"count":0,"href":"https:\/\/linitiative.ca\/International\/wp-json\/wp\/v2\/posts\/110588\/revisions"}],"wp:attachment":[{"href":"https:\/\/linitiative.ca\/International\/wp-json\/wp\/v2\/media?parent=110588"}],"wp:term":[{"taxonomy":"category","embeddable":true,"href":"https:\/\/linitiative.ca\/International\/wp-json\/wp\/v2\/categories?post=110588"},{"taxonomy":"post_tag","embeddable":true,"href":"https:\/\/linitiative.ca\/International\/wp-json\/wp\/v2\/tags?post=110588"}],"curies":[{"name":"wp","href":"https:\/\/api.w.org\/{rel}","templated":true}]}}