{"id":110589,"date":"2021-02-03T12:15:14","date_gmt":"2021-02-03T17:15:14","guid":{"rendered":"https:\/\/linitiative.ca\/International\/dechets-menagers-berkane-digitalise-sa-gestion-de-collecte\/"},"modified":"2021-02-03T12:15:14","modified_gmt":"2021-02-03T17:15:14","slug":"dechets-menagers-berkane-digitalise-sa-gestion-de-collecte","status":"publish","type":"post","link":"https:\/\/linitiative.ca\/International\/dechets-menagers-berkane-digitalise-sa-gestion-de-collecte\/","title":{"rendered":"D\u00e9chets m\u00e9nagers: Berkane digitalise sa gestion de collecte"},"content":{"rendered":"<p>Berkane s\u2019enorgueillit d\u2019\u00eatre une province pionni\u00e8re en mati\u00e8re de gestion intelligente de collecte des d\u00e9chets m\u00e9nagers et assimil\u00e9s. Le service qu\u2019elle vient de lancer via sa Soci\u00e9t\u00e9 de d\u00e9veloppement local \u00abMarafik Berkane\u00bb est num\u00e9ris\u00e9 \u00e0 100%. Toute sa flotte est g\u00e9o-loca\u00adlis\u00e9e avec des applications de suivi, des cam\u00e9ras de contr\u00f4le couvrant l\u2019op\u00e9ration de collecte des d\u00e9chets m\u00e9nagers de A \u00e0 Z&#8230;<\/p>\n<div readability=\"18.212311557789\">\n<h4>Ch\u00e8re lectrice, cher lecteur,<\/h4>\n<p class=\"rtejustify\"> L&rsquo;article auquel vous tentez d&rsquo;acc\u00e9der est r\u00e9serv\u00e9 \u00e0 la communaut\u00e9 des grands lecteurs de L&rsquo;Economiste. Nous vous invitons \u00e0 vous connecter \u00e0 l&rsquo;aide de vos identifiants pour le consulter. <br \/>Si vous n&rsquo;avez pas encore de compte, vous pouvez souscrire \u00e0 L&rsquo;Abonnement afin d&rsquo;acc\u00e9der \u00e0 l&rsquo;int\u00e9gralit\u00e9 de notre contenu et de profiter de nombreux autres avantages.<\/p>\n<p><a class=\"abonnement_1\" href=\"\/abonnement\">ABONNEZ-VOUS<\/a><\/p>\n<p>Vous \u00eates d\u00e9j\u00e0 abonn\u00e9 \u00e0 L&rsquo;Economiste mais vous n&rsquo;avez pas re\u00e7u vos identifiants?<br \/>Contactez-nous \u00e0 l\u2019adresse <span class=\"__cf_email__\" data-cfemail=\"93f2f1fcfdfdf6fef6fde7d3fff6f0fcfdfcfefae0e7f6bdf0fcfe\">[email\u00a0protected]<\/span> pour les recevoir en indiquant: nom, pr\u00e9nom, email, entreprise, fonction et num\u00e9ro de t\u00e9l\u00e9phone.<\/p>\n<\/div>\n<p>Auteur: hlafriqi<br \/>\n<a href=\"https:\/\/www.leconomiste.com\/article\/1072833-dechets-menagers-berkane-digitalise-sa-gestion-de-collecte\">Cliquez ici pour lire l&rsquo;article depuis sa source.<\/a><\/p>\n","protected":false},"excerpt":{"rendered":"<p>Berkane s\u2019enorgueillit d\u2019\u00eatre une province pionni\u00e8re en mati\u00e8re de gestion intelligente de collecte des d\u00e9chets m\u00e9nagers et assimil\u00e9s. Le service qu\u2019elle vient de lancer via sa Soci\u00e9t\u00e9 de d\u00e9veloppement local \u00abMarafik Berkane\u00bb est num\u00e9ris\u00e9 \u00e0 100%. Toute sa flotte est g\u00e9o-loca\u00adlis\u00e9e avec des applications de suivi, des cam\u00e9ras de contr\u00f4le couvrant l\u2019op\u00e9ration de collecte des [&hellip;]<\/p>\n","protected":false},"author":1763,"featured_media":0,"comment_status":"closed","ping_status":"closed","sticky":false,"template":"","format":"standard","meta":{"fifu_image_url":"","fifu_image_alt":"","footnotes":""},"categories":[78,54],"tags":[],"class_list":["post-110589","post","type-post","status-publish","format-standard","hentry","category-economie","category-maroc"],"_links":{"self":[{"href":"https:\/\/linitiative.ca\/International\/wp-json\/wp\/v2\/posts\/110589","targetHints":{"allow":["GET"]}}],"collection":[{"href":"https:\/\/linitiative.ca\/International\/wp-json\/wp\/v2\/posts"}],"about":[{"href":"https:\/\/linitiative.ca\/International\/wp-json\/wp\/v2\/types\/post"}],"author":[{"embeddable":true,"href":"https:\/\/linitiative.ca\/International\/wp-json\/wp\/v2\/users\/1763"}],"replies":[{"embeddable":true,"href":"https:\/\/linitiative.ca\/International\/wp-json\/wp\/v2\/comments?post=110589"}],"version-history":[{"count":0,"href":"https:\/\/linitiative.ca\/International\/wp-json\/wp\/v2\/posts\/110589\/revisions"}],"wp:attachment":[{"href":"https:\/\/linitiative.ca\/International\/wp-json\/wp\/v2\/media?parent=110589"}],"wp:term":[{"taxonomy":"category","embeddable":true,"href":"https:\/\/linitiative.ca\/International\/wp-json\/wp\/v2\/categories?post=110589"},{"taxonomy":"post_tag","embeddable":true,"href":"https:\/\/linitiative.ca\/International\/wp-json\/wp\/v2\/tags?post=110589"}],"curies":[{"name":"wp","href":"https:\/\/api.w.org\/{rel}","templated":true}]}}