{"id":110593,"date":"2021-02-04T15:14:08","date_gmt":"2021-02-04T20:14:08","guid":{"rendered":"https:\/\/linitiative.ca\/International\/international-real-deux-favoris-se-demarquent-pour-le-remplacement-de-zidane\/"},"modified":"2021-02-04T15:14:08","modified_gmt":"2021-02-04T20:14:08","slug":"international-real-deux-favoris-se-demarquent-pour-le-remplacement-de-zidane","status":"publish","type":"post","link":"https:\/\/linitiative.ca\/International\/international-real-deux-favoris-se-demarquent-pour-le-remplacement-de-zidane\/","title":{"rendered":"International : Real : Deux favoris se d\u00e9marquent pour le remplacement de Zidane"},"content":{"rendered":"<div readability=\"32\">\n<p>Auteur : <span class=\"time\">jeudi 04 f\u00e9vrier 2021 09:22<\/span><\/p>\n<\/div>\n<div id=\"post_core\" readability=\"48\">\n<p>L&rsquo;entraineur merengue ne devrait pas \u00eatre licenci\u00e9 d&rsquo;ici le mois de juin, mais son aventure devrait bien se terminer une fois cet exercice 2020\/2021 conclu. Et en interne, beaucoup estiment que le moment de Ra\u00fal est venu selon la Cadena SER. L&rsquo;entra\u00eeneur du Real Madrid Castilla pla\u00eet beaucoup aux dirigeants, et ferait en plus \u00e9norm\u00e9ment plaisir aux fans merengues comme le souligne Footmercato.<\/p>\n<p>En interne, on voit en l&rsquo;ancien num\u00e9ro 7 du club un entra\u00eeneur avec les \u00e9paules pour diriger une \u00e9quipe comme le Real Madrid. Vient ensuite la deuxi\u00e8me option, menant \u00e0 Massimiliano Allegri. Certains au club estiment tout de m\u00eame qu&rsquo;il faut un entra\u00eeneur exp\u00e9riment\u00e9, et l&rsquo;Italien est vu comme un gagnant et un coach capable de g\u00e9rer un vestiaire et la pression.<\/p>\n<p><strong>Publi\u00e9 dans :<\/strong> <span>real madrid<\/span><\/p>\n<\/div>\n<p>Auteur:<br \/>\n<a href=\"http:\/\/www.lebuteur.com\/article\/detail?titre=real-deux-favoris-se-demarquent-pour-le-remplacement-de-zidane&#038;id=98957&#038;utm_source=feedburner&#038;utm_medium=feed&#038;utm_campaign=Feed%3A+GalerieFArtciles+%28Les+derniers+articles++-+lebuteur.com%29\">Cliquez ici pour lire l&rsquo;article depuis sa source.<\/a><\/p>\n","protected":false},"excerpt":{"rendered":"<p>Auteur : jeudi 04 f\u00e9vrier 2021 09:22 L&rsquo;entraineur merengue ne devrait pas \u00eatre licenci\u00e9 d&rsquo;ici le mois de juin, mais son aventure devrait bien se terminer une fois cet exercice 2020\/2021 conclu. Et en interne, beaucoup estiment que le moment de Ra\u00fal est venu selon la Cadena SER. L&rsquo;entra\u00eeneur du Real Madrid Castilla pla\u00eet beaucoup [&hellip;]<\/p>\n","protected":false},"author":1738,"featured_media":0,"comment_status":"closed","ping_status":"closed","sticky":false,"template":"","format":"standard","meta":{"fifu_image_url":"\/\/cdn.lebuteur.com\/data\/images\/article\/thumbs\/large-real-deux-favoris-se-demarquent-pour-le-remplacement-de-zidane-c52d2.jpg","fifu_image_alt":"International : Real : Deux favoris se d\u00e9marquent pour le remplacement de Zidane","footnotes":""},"categories":[53,75],"tags":[],"class_list":["post-110593","post","type-post","status-publish","format-standard","hentry","category-algerie","category-sport"],"_links":{"self":[{"href":"https:\/\/linitiative.ca\/International\/wp-json\/wp\/v2\/posts\/110593","targetHints":{"allow":["GET"]}}],"collection":[{"href":"https:\/\/linitiative.ca\/International\/wp-json\/wp\/v2\/posts"}],"about":[{"href":"https:\/\/linitiative.ca\/International\/wp-json\/wp\/v2\/types\/post"}],"author":[{"embeddable":true,"href":"https:\/\/linitiative.ca\/International\/wp-json\/wp\/v2\/users\/1738"}],"replies":[{"embeddable":true,"href":"https:\/\/linitiative.ca\/International\/wp-json\/wp\/v2\/comments?post=110593"}],"version-history":[{"count":0,"href":"https:\/\/linitiative.ca\/International\/wp-json\/wp\/v2\/posts\/110593\/revisions"}],"wp:attachment":[{"href":"https:\/\/linitiative.ca\/International\/wp-json\/wp\/v2\/media?parent=110593"}],"wp:term":[{"taxonomy":"category","embeddable":true,"href":"https:\/\/linitiative.ca\/International\/wp-json\/wp\/v2\/categories?post=110593"},{"taxonomy":"post_tag","embeddable":true,"href":"https:\/\/linitiative.ca\/International\/wp-json\/wp\/v2\/tags?post=110593"}],"curies":[{"name":"wp","href":"https:\/\/api.w.org\/{rel}","templated":true}]}}