{"id":110595,"date":"2021-02-04T15:14:13","date_gmt":"2021-02-04T20:14:13","guid":{"rendered":"https:\/\/linitiative.ca\/International\/equipe-dalgerie-can-2023-u17-le-mjs-donne-son-accord-pour-la-candidature-de-lalgerie\/"},"modified":"2021-02-04T15:14:13","modified_gmt":"2021-02-04T20:14:13","slug":"equipe-dalgerie-can-2023-u17-le-mjs-donne-son-accord-pour-la-candidature-de-lalgerie","status":"publish","type":"post","link":"https:\/\/linitiative.ca\/International\/equipe-dalgerie-can-2023-u17-le-mjs-donne-son-accord-pour-la-candidature-de-lalgerie\/","title":{"rendered":"Equipe d&rsquo;Alg\u00e9rie : CAN-2023\/ U17: le MJS donne son accord pour la candidature de l&rsquo;Alg\u00e9rie"},"content":{"rendered":"<div readability=\"32\">\n<p>Auteur : <span>APS<\/span> <span class=\"time\">jeudi 04 f\u00e9vrier 2021 14:01<\/span><\/p>\n<\/div>\n<div id=\"post_core\" readability=\"45\">\n<p>Le minist\u00e8re de la Jeunesse et des Sports (MJS) a donn\u00e9 son accord pour la candidature de l\u2019Alg\u00e9rie \u00e0 l&rsquo;organisation de la Coupe d\u2019Afrique des nations CAN-2023 des moins de 17 ans (U17), a annonc\u00e9 jeudi la F\u00e9d\u00e9ration alg\u00e9rienne (FAF) sur son site:\u00a0\u00bbLa F\u00e9d\u00e9ration alg\u00e9rienne de football, qui a introduit une demande dans ce sens, devra prendre les dispositions n\u00e9cessaires permettant de garantir une meilleure pr\u00e9sentation et promotion du dossier de candidature\u00a0\u00bb, pr\u00e9cise l\u2019instance f\u00e9d\u00e9rale dans un communiqu\u00e9. Concernant la demande introduite par la FAF aupr\u00e8s du MJS pour accueillir la finale de la Ligue des champions africaine ou celle de la Coupe de la Conf\u00e9d\u00e9ration 2020-2021, \u00ab\u00a0ladite demande est en attente\u00a0\u00bb, a appris l\u2019APS aupr\u00e8s de la f\u00e9d\u00e9ration. Cette demande fait suite \u00e0 l&rsquo;ouverture par la Conf\u00e9d\u00e9ration africaine de football (CAF) des candidatures pour accueillir les finales des comp\u00e9titions continentales des clubs pour l\u2019actuelle \u00e9dition. Pour rappel, la CAF avait lanc\u00e9 le 18 janvier un appel \u00e0 candidatures pour l&rsquo;organisation des finales de la Ligue des champions et de la Coupe de la Conf\u00e9d\u00e9ration 2020\/2021, pr\u00e9vues en juillet prochain. Depuis la saison derni\u00e8re, les finales des comp\u00e9titions interclubs se jouent sur un seul match. La finale de la Coupe de la Conf\u00e9d\u00e9ration se d\u00e9roulera le 10 juillet et celle de la Ligue des champions aura lieu le 17 juillet. Cependant, la CAF se r\u00e9serve le droit de changer les dates sus-mentionn\u00e9es.<\/p>\n<p><strong>Publi\u00e9 dans :<\/strong> <span>MJS<\/span><\/p>\n<\/div>\n<p>Auteur:<br \/>\n<a href=\"http:\/\/www.lebuteur.com\/article\/detail?titre=can-2023-u17-le-mjs-donne-son-accord-pour-la-candidature-de-lalgerie&#038;id=98959&#038;utm_source=feedburner&#038;utm_medium=feed&#038;utm_campaign=Feed%3A+GalerieFArtciles+%28Les+derniers+articles++-+lebuteur.com%29\">Cliquez ici pour lire l&rsquo;article depuis sa source.<\/a><\/p>\n","protected":false},"excerpt":{"rendered":"<p>Auteur : APS jeudi 04 f\u00e9vrier 2021 14:01 Le minist\u00e8re de la Jeunesse et des Sports (MJS) a donn\u00e9 son accord pour la candidature de l\u2019Alg\u00e9rie \u00e0 l&rsquo;organisation de la Coupe d\u2019Afrique des nations CAN-2023 des moins de 17 ans (U17), a annonc\u00e9 jeudi la F\u00e9d\u00e9ration alg\u00e9rienne (FAF) sur son site:\u00a0\u00bbLa F\u00e9d\u00e9ration alg\u00e9rienne de football, [&hellip;]<\/p>\n","protected":false},"author":1738,"featured_media":0,"comment_status":"closed","ping_status":"closed","sticky":false,"template":"","format":"standard","meta":{"fifu_image_url":"\/\/cdn.lebuteur.com\/data\/images\/article\/thumbs\/large-can-2023-u17-le-mjs-donne-son-accord-pour-la-candidature-de-lalgerie-832f1.jpg","fifu_image_alt":"Equipe d'Alg\u00e9rie : CAN-2023\/ U17: le MJS donne son accord pour la candidature de l'Alg\u00e9rie","footnotes":""},"categories":[53,75],"tags":[],"class_list":["post-110595","post","type-post","status-publish","format-standard","hentry","category-algerie","category-sport"],"_links":{"self":[{"href":"https:\/\/linitiative.ca\/International\/wp-json\/wp\/v2\/posts\/110595","targetHints":{"allow":["GET"]}}],"collection":[{"href":"https:\/\/linitiative.ca\/International\/wp-json\/wp\/v2\/posts"}],"about":[{"href":"https:\/\/linitiative.ca\/International\/wp-json\/wp\/v2\/types\/post"}],"author":[{"embeddable":true,"href":"https:\/\/linitiative.ca\/International\/wp-json\/wp\/v2\/users\/1738"}],"replies":[{"embeddable":true,"href":"https:\/\/linitiative.ca\/International\/wp-json\/wp\/v2\/comments?post=110595"}],"version-history":[{"count":0,"href":"https:\/\/linitiative.ca\/International\/wp-json\/wp\/v2\/posts\/110595\/revisions"}],"wp:attachment":[{"href":"https:\/\/linitiative.ca\/International\/wp-json\/wp\/v2\/media?parent=110595"}],"wp:term":[{"taxonomy":"category","embeddable":true,"href":"https:\/\/linitiative.ca\/International\/wp-json\/wp\/v2\/categories?post=110595"},{"taxonomy":"post_tag","embeddable":true,"href":"https:\/\/linitiative.ca\/International\/wp-json\/wp\/v2\/tags?post=110595"}],"curies":[{"name":"wp","href":"https:\/\/api.w.org\/{rel}","templated":true}]}}