{"id":110597,"date":"2021-02-04T15:14:18","date_gmt":"2021-02-04T20:14:18","guid":{"rendered":"https:\/\/linitiative.ca\/International\/ligue-1-2-mca-resiliation-du-contrat-de-lentraineur-neghiz\/"},"modified":"2021-02-04T15:14:18","modified_gmt":"2021-02-04T20:14:18","slug":"ligue-1-2-mca-resiliation-du-contrat-de-lentraineur-neghiz","status":"publish","type":"post","link":"https:\/\/linitiative.ca\/International\/ligue-1-2-mca-resiliation-du-contrat-de-lentraineur-neghiz\/","title":{"rendered":"Ligue 1 &amp; 2 : MCA: R\u00e9siliation du contrat de l\u2019entra\u00eeneur Neghiz"},"content":{"rendered":"<div readability=\"32\">\n<p>Auteur : <span>Riad Ouenzar<\/span> <span class=\"time\">jeudi 04 f\u00e9vrier 2021 18:38<\/span><\/p>\n<\/div>\n<div id=\"post_core\" readability=\"37\">\n<p>Nabil Neghiz n\u2019est plus l\u2019entra\u00eeneur du Mouloudia d\u2019Alger. Aujourd\u2019hui, son contrat a \u00e9t\u00e9 r\u00e9sili\u00e9 \u00e0 l\u2019amiable avec la direction du Doyen. Cette d\u00e9cision intervient apr\u00e8s la r\u00e9cente d\u00e9faite du Mouloudia conc\u00e9d\u00e9e \u00e0 Bechar face \u00e0 la JS Saoura. Aux derni\u00e8res nouvelles, c\u2019est Abdelkader Amrani qui serait le mieux plac\u00e9 pour prendre la succession de Neghiz \u00e0 la t\u00eate de la barre technique du MCA.<\/p>\n<p><u><strong>Riad Ouenzar\u00a0<\/strong><\/u><\/p>\n<p><strong>Publi\u00e9 dans :<\/strong> <span>Neghiz<\/span><\/p>\n<\/div>\n<p>Auteur:<br \/>\n<a href=\"http:\/\/www.lebuteur.com\/article\/detail?titre=mca-resiliation-du-contrat-de-lentraineur-neghiz&#038;id=98961&#038;utm_source=feedburner&#038;utm_medium=feed&#038;utm_campaign=Feed%3A+GalerieFArtciles+%28Les+derniers+articles++-+lebuteur.com%29\">Cliquez ici pour lire l&rsquo;article depuis sa source.<\/a><\/p>\n","protected":false},"excerpt":{"rendered":"<p>Auteur : Riad Ouenzar jeudi 04 f\u00e9vrier 2021 18:38 Nabil Neghiz n\u2019est plus l\u2019entra\u00eeneur du Mouloudia d\u2019Alger. Aujourd\u2019hui, son contrat a \u00e9t\u00e9 r\u00e9sili\u00e9 \u00e0 l\u2019amiable avec la direction du Doyen. Cette d\u00e9cision intervient apr\u00e8s la r\u00e9cente d\u00e9faite du Mouloudia conc\u00e9d\u00e9e \u00e0 Bechar face \u00e0 la JS Saoura. Aux derni\u00e8res nouvelles, c\u2019est Abdelkader Amrani qui serait [&hellip;]<\/p>\n","protected":false},"author":1738,"featured_media":0,"comment_status":"closed","ping_status":"closed","sticky":false,"template":"","format":"standard","meta":{"fifu_image_url":"\/\/cdn.lebuteur.com\/data\/images\/article\/thumbs\/large-mca-resiliation-du-contrat-de-lentraineur-neghiz-98955.jpg","fifu_image_alt":"Ligue 1 & 2 : MCA: R\u00e9siliation du contrat de l\u2019entra\u00eeneur Neghiz","footnotes":""},"categories":[53,75],"tags":[],"class_list":["post-110597","post","type-post","status-publish","format-standard","hentry","category-algerie","category-sport"],"_links":{"self":[{"href":"https:\/\/linitiative.ca\/International\/wp-json\/wp\/v2\/posts\/110597","targetHints":{"allow":["GET"]}}],"collection":[{"href":"https:\/\/linitiative.ca\/International\/wp-json\/wp\/v2\/posts"}],"about":[{"href":"https:\/\/linitiative.ca\/International\/wp-json\/wp\/v2\/types\/post"}],"author":[{"embeddable":true,"href":"https:\/\/linitiative.ca\/International\/wp-json\/wp\/v2\/users\/1738"}],"replies":[{"embeddable":true,"href":"https:\/\/linitiative.ca\/International\/wp-json\/wp\/v2\/comments?post=110597"}],"version-history":[{"count":0,"href":"https:\/\/linitiative.ca\/International\/wp-json\/wp\/v2\/posts\/110597\/revisions"}],"wp:attachment":[{"href":"https:\/\/linitiative.ca\/International\/wp-json\/wp\/v2\/media?parent=110597"}],"wp:term":[{"taxonomy":"category","embeddable":true,"href":"https:\/\/linitiative.ca\/International\/wp-json\/wp\/v2\/categories?post=110597"},{"taxonomy":"post_tag","embeddable":true,"href":"https:\/\/linitiative.ca\/International\/wp-json\/wp\/v2\/tags?post=110597"}],"curies":[{"name":"wp","href":"https:\/\/api.w.org\/{rel}","templated":true}]}}