{"id":110599,"date":"2021-02-04T05:23:49","date_gmt":"2021-02-04T10:23:49","guid":{"rendered":"https:\/\/linitiative.ca\/International\/jijel-lheure-du-confinement-repoussee-a-22h\/"},"modified":"2021-02-04T05:23:49","modified_gmt":"2021-02-04T10:23:49","slug":"jijel-lheure-du-confinement-repoussee-a-22h","status":"publish","type":"post","link":"https:\/\/linitiative.ca\/International\/jijel-lheure-du-confinement-repoussee-a-22h\/","title":{"rendered":"Jijel : L\u2019heure du confinement repouss\u00e9e \u00e0 22h"},"content":{"rendered":"<h4 class=\"title-14\"\/>\n<p class=\"p3\"><span class=\"s3\"><strong>F<\/strong><\/span><span class=\"s4\">i<\/span>nalement, apr\u00e8s trois nuits cons\u00e9cutives de marches populaires nocturnes pour protester contre le prolongement du confinement dans la wilaya de Jijel, les autorit\u00e9s ont d\u00e9cid\u00e9 d\u2019all\u00e9ger ces mesures en repoussant l\u2019heure du couvre-feu \u00e0 22h au lieu de 20h, \u00e0 compter d\u2019hier, selon un communiqu\u00e9 de la wilaya de Jijel.<\/p>\n<p class=\"p3\">Le m\u00eame document indique, par ailleurs, que pour les commerces, l\u2019horaire est port\u00e9 \u00e0 21h au lieu de 19h auparavant. Cette mesure a eu pour effet l\u2019arr\u00eat des manifestations tenues spontan\u00e9ment durant les nuits de samedi, dimanche et lundi derniers.<\/p>\n<p class=\"p3\">D\u2019autres mesures ont concern\u00e9 les salles de sport, les lieux de loisirs et de d\u00e9tente ainsi que les plages. Il y a lieu de mentionner que quelques motocyclistes s\u2019\u00e9taient tout de m\u00eame rassembl\u00e9s bruyamment apr\u00e8s 20h mardi, horaire du confinement \u00e0 domicile.<\/p>\n<p class=\"p3\">Pour rappel, la ville de Jijel avait connu des marches de protestation contre le prolongement du confinement, qui ont \u00e9t\u00e9 entam\u00e9es samedi et ont connu leur apog\u00e9e dans les soir\u00e9es de lundi et mardi, avec la participation d\u2019une foule nombreuse, des automobilistes et des motocyclistes ayant sillonn\u00e9 les art\u00e8res principales de la ville pour r\u00e9clamer l\u2019all\u00e9gement des mesures de confinement dans une wilaya qui a trop souffert de la p\u00e9riode de la pand\u00e9mie, payant un prix fort lors du d\u00e9confinement d\u00e9cid\u00e9 durant le mois d\u2019ao\u00fbt dernier, surtout que les cas de contamination sont en nette diminution, et insistant sur le fait que des wilayas limitrophes ayant v\u00e9cu la m\u00eame situation n\u2019ont pas connu un prolongement du confinement.<\/p>\n<p class=\"p3\">La d\u00e9cision des autorit\u00e9s a \u00e9t\u00e9 accueillie avec soulagement, notamment par les commer\u00e7ants et les g\u00e9rants des services, dans l\u2019attente d\u2019autres mesures d\u2019apaisement.<\/p>\n<p><span class=\"post-views-label\">Post Views:<\/span> <span class=\"post-views-count\">109<\/span><\/p>\n<p><br class=\"c2\"\/><\/p>\n<div class=\"ichhar-moneytagnative c5\" id=\"ichhar-267107916\">\n<p>Advertisements<\/p>\n<\/div>\n<p><br class=\"c2\"\/><br class=\"c6\"\/><\/p>\n<p>Auteur: Anis Khecheba<br \/>\n<a href=\"https:\/\/www.elwatan.com\/edition\/actualite\/jijel-lheure-du-confinement-repoussee-a-22h-04-02-2021\">Cliquez ici pour lire l&rsquo;article depuis sa source.<\/a><\/p>\n","protected":false},"excerpt":{"rendered":"<p>Finalement, apr\u00e8s trois nuits cons\u00e9cutives de marches populaires nocturnes pour protester contre le prolongement du confinement dans la wilaya de Jijel, les autorit\u00e9s ont d\u00e9cid\u00e9 d\u2019all\u00e9ger ces mesures en repoussant l\u2019heure du couvre-feu \u00e0 22h au lieu de 20h, \u00e0 compter d\u2019hier, selon un communiqu\u00e9 de la wilaya de Jijel. Le m\u00eame document indique, par [&hellip;]<\/p>\n","protected":false},"author":1743,"featured_media":0,"comment_status":"closed","ping_status":"closed","sticky":false,"template":"","format":"standard","meta":{"fifu_image_url":"","fifu_image_alt":"","footnotes":""},"categories":[73,53],"tags":[],"class_list":["post-110599","post","type-post","status-publish","format-standard","hentry","category-actualite","category-algerie"],"_links":{"self":[{"href":"https:\/\/linitiative.ca\/International\/wp-json\/wp\/v2\/posts\/110599","targetHints":{"allow":["GET"]}}],"collection":[{"href":"https:\/\/linitiative.ca\/International\/wp-json\/wp\/v2\/posts"}],"about":[{"href":"https:\/\/linitiative.ca\/International\/wp-json\/wp\/v2\/types\/post"}],"author":[{"embeddable":true,"href":"https:\/\/linitiative.ca\/International\/wp-json\/wp\/v2\/users\/1743"}],"replies":[{"embeddable":true,"href":"https:\/\/linitiative.ca\/International\/wp-json\/wp\/v2\/comments?post=110599"}],"version-history":[{"count":0,"href":"https:\/\/linitiative.ca\/International\/wp-json\/wp\/v2\/posts\/110599\/revisions"}],"wp:attachment":[{"href":"https:\/\/linitiative.ca\/International\/wp-json\/wp\/v2\/media?parent=110599"}],"wp:term":[{"taxonomy":"category","embeddable":true,"href":"https:\/\/linitiative.ca\/International\/wp-json\/wp\/v2\/categories?post=110599"},{"taxonomy":"post_tag","embeddable":true,"href":"https:\/\/linitiative.ca\/International\/wp-json\/wp\/v2\/tags?post=110599"}],"curies":[{"name":"wp","href":"https:\/\/api.w.org\/{rel}","templated":true}]}}