{"id":110600,"date":"2021-02-04T05:24:52","date_gmt":"2021-02-04T10:24:52","guid":{"rendered":"https:\/\/linitiative.ca\/International\/les-autorites-ont-elles-cede-a-la-pression\/"},"modified":"2021-02-04T05:24:52","modified_gmt":"2021-02-04T10:24:52","slug":"les-autorites-ont-elles-cede-a-la-pression","status":"publish","type":"post","link":"https:\/\/linitiative.ca\/International\/les-autorites-ont-elles-cede-a-la-pression\/","title":{"rendered":"Les autorit\u00e9s ont-elles c\u00e9d\u00e9 \u00e0 la pression ?"},"content":{"rendered":"<h4 class=\"title-14\"\/>\n<p class=\"p2\"><span class=\"s2\"><strong>Le gouvernement se trouve entre deux feux\u00a0: la crise sanitaire d\u2019un c\u00f4t\u00e9 et la grogne sociale de l\u2019autre.\u00a0<\/strong><\/span><\/p>\n<p class=\"p4\"><span class=\"s1\"><strong>L<\/strong><\/span><span class=\"s2\">e gouvernement revoit ses mesures de confinement sanitaire dans 19 wilayas, une semaine apr\u00e8s les avoir reconduites. Ainsi, le couvre-feu commencera \u00e0 22h au lieu de 20h et se terminera \u00e0 5h.<\/span><\/p>\n<p class=\"p5\"><span class=\"s2\">Commerces, espaces de d\u00e9tente, lieux de loisirs, plages et salles de sports ont d\u00e9sormais le feu vert pour reprendre une activit\u00e9 presque normale dans un contexte marqu\u00e9 par une crise multidimensionnelle persistante.<\/span><\/p>\n<p class=\"p5\"><span class=\"s2\">Officiellement, ces mesures d\u2019all\u00e9gement sont li\u00e9es \u00e0 l\u2019am\u00e9lioration constat\u00e9e au niveau de ces wilayas. Le nombre de contamin\u00e9s au coronavirus recens\u00e9s hier par le comit\u00e9 scientifique en charge du suivi de cette pand\u00e9mie s\u2019est \u00e9lev\u00e9 \u00e0 275 personnes. Autrement dit, on est loin des 1000 contaminations journali\u00e8res d\u2019il y a quelques mois, m\u00eame si le virus continue de circuler.<\/span><\/p>\n<p class=\"p5\"><span class=\"s2\">Si la raison \u00e9voqu\u00e9e de cet all\u00e9gement des mesures de confinement est l\u2019am\u00e9lioration de la situation sanitaire, il est difficile de ne pas lier ce recul du gouvernement aux derni\u00e8res actions de protestation dans certaines r\u00e9gions du pays. Les wilayas de Jijel et Laghouat ont \u00e9t\u00e9 le th\u00e9\u00e2tre de manifestations dont les revendications sont l\u2019expression d\u2019un ras-le-bol g\u00e9n\u00e9ralis\u00e9 apr\u00e8s une d\u00e9gradation du pouvoir d\u2019achat des Alg\u00e9riens et la hausse d\u2019un ch\u00f4mage rampant.<\/span><\/p>\n<p class=\"p5\"><span class=\"s2\">Accul\u00e9es par une fronde de plus en plus grandissante de la population, les autorit\u00e9s semblent ainsi l\u00e2cher du lest en optant pour l\u2019all\u00e9gement du confinement partiel.<\/span><\/p>\n<p class=\"p5\"><span class=\"s2\">Cela sans bien entendu prendre le risque d\u2019une aggravation de la situation sanitaire, qui conduirait in\u00e9luctablement \u00e0 des mesures de confinement plus dures et co\u00fbteuses sur le plan socio\u00e9conomique. L\u2019\u00e9quation s\u2019av\u00e8re difficile.<\/span><\/p>\n<p class=\"p5\"><span class=\"s2\">Mais en l\u2019absence du pr\u00e9sident Abdelmadjid Tebboune, toujours en Allemagne pour recevoir des soins, le gouvernement semble vouloir pr\u00e9venir le m\u00e9contentement social grandissant de la population lourdement \u00e9prouv\u00e9e par les cons\u00e9quences de la crise sanitaire. Les ressources budg\u00e9taires \u00e9tant r\u00e9duites, les autorit\u00e9s recourent \u00e0 d\u2019autres moyens pour acheter la paix sociale et \u00e9viter l\u2019\u00e9touffement des entreprises dont la tr\u00e9sorerie a \u00e9t\u00e9 mise \u00e0 rude \u00e9preuve.<\/span><\/p>\n<p class=\"p5\"><span class=\"s2\">A quelques semaines du deuxi\u00e8me anniversaire du d\u00e9clenchement du mouvement de protestation hirak, les autorit\u00e9s souhaitent vraisemblablement pr\u00e9venir l\u2019aggravation de la crise sociale. Le gouvernement de Abdelaziz Djerad, d\u00e9j\u00e0 sur la sellette apr\u00e8s les d\u00e9clarations du pr\u00e9sident Tebboune en Allemagne, o\u00f9 il a soulign\u00e9 le bilan mitig\u00e9 de l\u2019Ex\u00e9cutif, essaye de redorer son blason d\u00e9j\u00e0 terni par une gestion controvers\u00e9e de la crise.\u00a0<\/span><\/p>\n<p class=\"p5\"><span class=\"s2\">Sauf qu\u2019\u00e0 moyen terme, les cons\u00e9quences de ces d\u00e9cisions risquent d\u2019\u00eatre le contraire de l\u2019effet escompt\u00e9. En effet, la crise sanitaire est loin d\u2019\u00eatre derri\u00e8re nous.<\/span><\/p>\n<p class=\"p5\"><span class=\"s2\">De nombreux pays font face \u00e0 une troisi\u00e8me vague plus virulente de la pand\u00e9mie. Il y a certes des signes encourageants d\u2019am\u00e9lioration de la situation sanitaire, mais cela reste le r\u00e9sultat des mesures de confinement partiel.<\/span><\/p>\n<p class=\"p5\"><span class=\"s2\">Or, l\u2019all\u00e9gement de celui-ci pourrait induire un rel\u00e2chement chez la population et favoriser ainsi des conditions propices \u00e0 la propagation du virus. Et une propagation rapide du virus provoquerait une saturation au niveau des h\u00f4pitaux qui contraindrait le gouvernement \u00e0 prendre des mesures de confinement encore plus dures et probablement plus co\u00fbteuses sur le plan socio\u00e9conomique.<\/span><\/p>\n<p class=\"p5\"><span class=\"s2\">Le gouvernement se retrouve ainsi face \u00e0 un vrai dilemme\u00a0: crise sanitaire versus crise sociale. Il lui faudra beaucoup d\u2019ing\u00e9niosit\u00e9 pour anticiper sur les cons\u00e9quences de l\u2019une et de l\u2019autre.<\/span><\/p>\n<p><span class=\"post-views-label\">Post Views:<\/span> <span class=\"post-views-count\">490<\/span><\/p>\n<p><br class=\"c2\"\/><\/p>\n<div class=\"ichhar-moneytagnative c5\" id=\"ichhar-1564296409\">\n<p>Advertisements<\/p>\n<\/div>\n<p><br class=\"c2\"\/><br class=\"c6\"\/><\/p>\n<p>Auteur: Anis Khecheba<br \/>\n<a href=\"https:\/\/www.elwatan.com\/edition\/actualite\/les-autorites-ont-elles-cede-a-la-pression-04-02-2021\">Cliquez ici pour lire l&rsquo;article depuis sa source.<\/a><\/p>\n","protected":false},"excerpt":{"rendered":"<p>Le gouvernement se trouve entre deux feux\u00a0: la crise sanitaire d\u2019un c\u00f4t\u00e9 et la grogne sociale de l\u2019autre.\u00a0 Le gouvernement revoit ses mesures de confinement sanitaire dans 19 wilayas, une semaine apr\u00e8s les avoir reconduites. Ainsi, le couvre-feu commencera \u00e0 22h au lieu de 20h et se terminera \u00e0 5h. Commerces, espaces de d\u00e9tente, lieux [&hellip;]<\/p>\n","protected":false},"author":1743,"featured_media":0,"comment_status":"closed","ping_status":"closed","sticky":false,"template":"","format":"standard","meta":{"fifu_image_url":"","fifu_image_alt":"","footnotes":""},"categories":[73,53],"tags":[],"class_list":["post-110600","post","type-post","status-publish","format-standard","hentry","category-actualite","category-algerie"],"_links":{"self":[{"href":"https:\/\/linitiative.ca\/International\/wp-json\/wp\/v2\/posts\/110600","targetHints":{"allow":["GET"]}}],"collection":[{"href":"https:\/\/linitiative.ca\/International\/wp-json\/wp\/v2\/posts"}],"about":[{"href":"https:\/\/linitiative.ca\/International\/wp-json\/wp\/v2\/types\/post"}],"author":[{"embeddable":true,"href":"https:\/\/linitiative.ca\/International\/wp-json\/wp\/v2\/users\/1743"}],"replies":[{"embeddable":true,"href":"https:\/\/linitiative.ca\/International\/wp-json\/wp\/v2\/comments?post=110600"}],"version-history":[{"count":0,"href":"https:\/\/linitiative.ca\/International\/wp-json\/wp\/v2\/posts\/110600\/revisions"}],"wp:attachment":[{"href":"https:\/\/linitiative.ca\/International\/wp-json\/wp\/v2\/media?parent=110600"}],"wp:term":[{"taxonomy":"category","embeddable":true,"href":"https:\/\/linitiative.ca\/International\/wp-json\/wp\/v2\/categories?post=110600"},{"taxonomy":"post_tag","embeddable":true,"href":"https:\/\/linitiative.ca\/International\/wp-json\/wp\/v2\/tags?post=110600"}],"curies":[{"name":"wp","href":"https:\/\/api.w.org\/{rel}","templated":true}]}}