{"id":110601,"date":"2021-02-04T05:25:54","date_gmt":"2021-02-04T10:25:54","guid":{"rendered":"https:\/\/linitiative.ca\/International\/le-confinement-allege-dans-plusieurs-wilayas-les-autorites-ont-elles-cede-a-la-pression\/"},"modified":"2021-02-04T05:25:54","modified_gmt":"2021-02-04T10:25:54","slug":"le-confinement-allege-dans-plusieurs-wilayas-les-autorites-ont-elles-cede-a-la-pression","status":"publish","type":"post","link":"https:\/\/linitiative.ca\/International\/le-confinement-allege-dans-plusieurs-wilayas-les-autorites-ont-elles-cede-a-la-pression\/","title":{"rendered":"Le confinement all\u00e9g\u00e9 dans plusieurs wilayas : Les autorit\u00e9s ont-elles c\u00e9d\u00e9 \u00e0 la pression ?"},"content":{"rendered":"<h4 class=\"title-14\">COVID-19<\/h4>\n<div class=\"featured_image\"><img loading=\"lazy\" decoding=\"async\" width=\"1417\" height=\"636\" src=\"https:\/\/www.elwatan.com\/wp-content\/uploads\/2021\/02\/UNEEEEEE.gif\" class=\"attachment-post-thumbnail size-post-thumbnail wp-post-image\" alt=\"\"\/><span class=\"featured-image-caption\">Photo : H. Ly\u00e8s<\/span><\/div>\n<p class=\"p1\"><span class=\"s1\"><strong>Les horaires de confinement partiel \u00e0 domicile ont \u00e9t\u00e9 r\u00e9adapt\u00e9s et sont d\u00e9sormais fix\u00e9s de 22h au lendemain 5h. Ces d\u00e9cisions ont \u00e9t\u00e9 d\u00e9voil\u00e9es la veille par la majorit\u00e9 des wilayas concern\u00e9es, sur instruction du minist\u00e8re de l\u2019Int\u00e9rieur.<\/strong><\/span><\/p>\n<p class=\"p3\"><span class=\"s2\"><strong>L<\/strong><\/span><span class=\"s1\">e gouvernement a d\u00e9cid\u00e9 d\u2019un nouvel all\u00e9gement des mesures de restriction anti-Covid19, suite \u00e0 l\u2019\u00ab<em>am\u00e9lioration<\/em>\u00bb relative de la situation \u00e9pid\u00e9miologique. Le couvre-feu a \u00e9t\u00e9 assoupli, depuis hier, dans les 19 wilayas.<\/span><\/p>\n<p class=\"p4\"><span class=\"s1\">Les horaires de confinement partiel \u00e0 domicile ont \u00e9t\u00e9 r\u00e9adapt\u00e9s et sont d\u00e9sormais fix\u00e9s de 22h au lendemain 5h. Ces d\u00e9cisions ont \u00e9t\u00e9 d\u00e9voil\u00e9es la veille par la majorit\u00e9 des wilayas concern\u00e9es, sur instruction du minist\u00e8re de l\u2019Int\u00e9rieur.<\/span><\/p>\n<p class=\"p4\"><span class=\"s1\">Dans le d\u00e9tail, les wilayas concern\u00e9es sont Batna, Biskra, Blida, Bouira, T\u00e9bessa, Tlemcen, Tizi Ouzou, Alger, Jijel, Sidi Bel Abb\u00e8s, Constantine, Mostaganem, M\u2019sila, Oran, Boumerd\u00e8s, El Tarf, Tissemsilt, A\u00efn T\u00e9mouchent et Relizane. En outre, les salles omnisports, les espaces r\u00e9cr\u00e9atifs et de loisirs et les plages sont concern\u00e9s par cet all\u00e9gement des mesures anti-Covid-19. Les march\u00e9s du b\u00e9tail sont \u00e9galement autoris\u00e9s \u00e0 reprendre leurs activit\u00e9s. Caf\u00e9s et restaurants pourront rester ouverts jusqu\u2019\u00e0 21h, mais en ne proposant que des plats ou des boissons \u00e0 emporter.<\/span><\/p>\n<p class=\"p4\"><strong><span class=\"s1\">Horaires d\u2019ouverture des commerces prolong\u00e9s<\/span><\/strong><\/p>\n<p class=\"p5\"><span class=\"s1\">Les 19 wilayas ont \u00e9galement d\u00e9cid\u00e9 de prolonger les horaires d\u2019ouverture jusqu\u2019\u00e0 21h des commerces d\u2019appareils \u00e9lectrom\u00e9nagers, d\u2019articles m\u00e9nagers et de d\u00e9coration, de literies et tissus d\u2019ameublement, d\u2019articles de sport, de jeux et de jouets, des lieux de concentration de commerces, des salons de coiffure pour hommes et pour femmes, ainsi que les p\u00e2tisseries et confiserie.<\/span><\/p>\n<p class=\"p4\"><span class=\"s1\">En revanche, les rassemblements, notamment pour des mariages et des circoncisions, mais aussi les manifestations politiques, demeurent interdits. Les autorisations exceptionnelles de circulation d\u00e9livr\u00e9es par les services des wilayas concern\u00e9es demeurent valables.<\/span><\/p>\n<p class=\"p4\"><span class=\"s1\">Cet all\u00e9gement des mesures anti-Covid-19 intervient moins d\u2019une semaine apr\u00e8s la d\u00e9cision de l\u2019Ex\u00e9cutif de reconduire pour une p\u00e9riode de 15 jours le confinement dans 19 wilayas de 20h \u00e0 5h, et de maintenir ferm\u00e9s les salles de sport et les lieux de loisirs.<\/span><\/p>\n<p class=\"p4\"><span class=\"s1\">L\u2019Alg\u00e9rie a proc\u00e9d\u00e9, samedi dernier, \u00e0 ses premi\u00e8res vaccinations \u00e0 Blida, qui a \u00e9t\u00e9 l\u2019\u00e9picentre de la pand\u00e9mie en mars 2020, avec un premier lot de 50 000 doses du vaccin russe Sputnik V.<\/span><\/p>\n<p class=\"p4\"><span class=\"s1\">Le Premier ministre Abdelaziz Djerad a promis que son gouvernement allait acqu\u00e9rir des vaccins anti-Covid en quantit\u00e9 \u00ab<em>suffisante<\/em>\u00bb, au lendemain du lancement de la campagne de vaccination, qui va durer \u00ab<em>toute l\u2019ann\u00e9e<\/em>\u00bb. Ces premi\u00e8res doses sont destin\u00e9es aux habitants des wilayas les plus affect\u00e9es par le coronavirus, selon Djamel Fourar, porte-parole du comit\u00e9 de suivi de l\u2019\u00e9volution de la pand\u00e9mie. Quelque 8000 centres de vaccination sont mobilis\u00e9s \u00e0 travers le pays.<\/span><\/p>\n<p class=\"p4\"><span class=\"s1\">Le pays a aussi re\u00e7u, lundi dernier, 50\u00a0000 doses du vaccin britannique AstraZeneca, et devrait \u00e9galement r\u00e9ceptionner des lots en provenance de Chine et d\u2019Inde.<\/span><\/p>\n<p class=\"p4\"><span class=\"s1\">Malgr\u00e9 la d\u00e9crue des contaminations, le gouvernement ne compte pas lever les mesures de confinement en vigueur depuis mars 2019, a pr\u00e9cis\u00e9 Bekkat Berkani, membre du comit\u00e9 de suivi.<\/span><\/p>\n<p class=\"p4\"><span class=\"s1\">\u00ab<em>Le confinement sanitaire ne sera pas lev\u00e9 avant la vaccination de 70% de la population<\/em>\u00bb, a-t-il soulign\u00e9. Au total, quelque 108\u00a0000 cas de contamination, dont pr\u00e8s de 3000 d\u00e9c\u00e8s, ont \u00e9t\u00e9 enregistr\u00e9s dans le pays depuis le recensement du premier cas en f\u00e9vrier 2020, selon le dernier bilan du minist\u00e8re de la Sant\u00e9.\u00a0<\/span><\/p>\n<p><span class=\"post-views-label\">Post Views:<\/span> <span class=\"post-views-count\">1\u00a0169<\/span><\/p>\n<p><br class=\"c2\"\/><\/p>\n<div class=\"ichhar-moneytagnative c5\" id=\"ichhar-507546022\">\n<p>Advertisements<\/p>\n<\/div>\n<p><br class=\"c2\"\/><br class=\"c6\"\/><\/p>\n<p>Auteur: Anis Khecheba<br \/>\n<a href=\"https:\/\/www.elwatan.com\/a-la-une\/les-autorites-ont-elles-cede-a-la-pression-2-04-02-2021\">Cliquez ici pour lire l&rsquo;article depuis sa source.<\/a><\/p>\n","protected":false},"excerpt":{"rendered":"<p>COVID-19 Photo : H. Ly\u00e8s Les horaires de confinement partiel \u00e0 domicile ont \u00e9t\u00e9 r\u00e9adapt\u00e9s et sont d\u00e9sormais fix\u00e9s de 22h au lendemain 5h. Ces d\u00e9cisions ont \u00e9t\u00e9 d\u00e9voil\u00e9es la veille par la majorit\u00e9 des wilayas concern\u00e9es, sur instruction du minist\u00e8re de l\u2019Int\u00e9rieur. Le gouvernement a d\u00e9cid\u00e9 d\u2019un nouvel all\u00e9gement des mesures de restriction anti-Covid19, [&hellip;]<\/p>\n","protected":false},"author":1743,"featured_media":0,"comment_status":"closed","ping_status":"closed","sticky":false,"template":"","format":"standard","meta":{"fifu_image_url":"https:\/\/www.elwatan.com\/wp-content\/uploads\/2021\/02\/UNEEEEEE.gif","fifu_image_alt":"Le confinement all\u00e9g\u00e9 dans plusieurs wilayas : Les autorit\u00e9s ont-elles c\u00e9d\u00e9 \u00e0 la pression ?","footnotes":""},"categories":[73,53],"tags":[],"class_list":["post-110601","post","type-post","status-publish","format-standard","hentry","category-actualite","category-algerie"],"_links":{"self":[{"href":"https:\/\/linitiative.ca\/International\/wp-json\/wp\/v2\/posts\/110601","targetHints":{"allow":["GET"]}}],"collection":[{"href":"https:\/\/linitiative.ca\/International\/wp-json\/wp\/v2\/posts"}],"about":[{"href":"https:\/\/linitiative.ca\/International\/wp-json\/wp\/v2\/types\/post"}],"author":[{"embeddable":true,"href":"https:\/\/linitiative.ca\/International\/wp-json\/wp\/v2\/users\/1743"}],"replies":[{"embeddable":true,"href":"https:\/\/linitiative.ca\/International\/wp-json\/wp\/v2\/comments?post=110601"}],"version-history":[{"count":0,"href":"https:\/\/linitiative.ca\/International\/wp-json\/wp\/v2\/posts\/110601\/revisions"}],"wp:attachment":[{"href":"https:\/\/linitiative.ca\/International\/wp-json\/wp\/v2\/media?parent=110601"}],"wp:term":[{"taxonomy":"category","embeddable":true,"href":"https:\/\/linitiative.ca\/International\/wp-json\/wp\/v2\/categories?post=110601"},{"taxonomy":"post_tag","embeddable":true,"href":"https:\/\/linitiative.ca\/International\/wp-json\/wp\/v2\/tags?post=110601"}],"curies":[{"name":"wp","href":"https:\/\/api.w.org\/{rel}","templated":true}]}}