{"id":110602,"date":"2021-02-04T10:35:00","date_gmt":"2021-02-04T15:35:00","guid":{"rendered":"https:\/\/linitiative.ca\/International\/declaration-de-mme-gourdel-apres-le-renvoi-du-proces-des-presumes-assassins-de-son-mari-video\/"},"modified":"2021-02-04T10:35:00","modified_gmt":"2021-02-04T15:35:00","slug":"declaration-de-mme-gourdel-apres-le-renvoi-du-proces-des-presumes-assassins-de-son-mari-video","status":"publish","type":"post","link":"https:\/\/linitiative.ca\/International\/declaration-de-mme-gourdel-apres-le-renvoi-du-proces-des-presumes-assassins-de-son-mari-video\/","title":{"rendered":"D\u00e9claration de Mme Gourdel apr\u00e8s le renvoi du proc\u00e8s des pr\u00e9sum\u00e9s assassins de son mari (Vid\u00e9o)"},"content":{"rendered":"<h4 class=\"title-14\"\/>\n<p>D\u00e9claration \u00e0 El Watan de Mme Gourdel suite au renvoi du\u00a0proc\u00e8s des auteurs pr\u00e9sum\u00e9s de l\u2019enl\u00e8vement et l\u2019assassinat de son \u00e9poux Herv\u00e9 Gourdel en 2014.<br \/>Le proc\u00e8s qui devait avoir lieu ce matin devant le tribunal criminel d\u2019Alger \u00e0 Dar El Beida a \u00e9t\u00e9 renvoy\u00e9 au 18 f\u00e9vrier en raison de l\u2019\u00e9tat de sant\u00e9 du principal accus\u00e9.<\/p>\n<p><iframe loading=\"lazy\" src=\"https:\/\/www.youtube.com\/embed\/Ta9xS3vKSuw\" width=\"560\" height=\"315\" frameborder=\"0\" allowfullscreen=\"allowfullscreen\">[embedded content]<\/iframe><\/p>\n<p><span class=\"post-views-label\">Post Views:<\/span> <span class=\"post-views-count\">1\u00a0081<\/span><\/p>\n<p><br class=\"c2\"\/><\/p>\n<div class=\"ichhar-moneytagnative c5\" id=\"ichhar-2086024671\">\n<p>Advertisements<\/p>\n<\/div>\n<p><br class=\"c2\"\/><br class=\"c6\"\/><\/p>\n<p>Auteur: Mohand Yahiaoui<br \/>\n<a href=\"https:\/\/www.elwatan.com\/edition\/actualite\/declaration-de-mme-gourdel-apres-le-renvoi-du-proces-des-presumes-assassins-de-son-mari-video-04-02-2021\">Cliquez ici pour lire l&rsquo;article depuis sa source.<\/a><\/p>\n","protected":false},"excerpt":{"rendered":"<p>D\u00e9claration \u00e0 El Watan de Mme Gourdel suite au renvoi du\u00a0proc\u00e8s des auteurs pr\u00e9sum\u00e9s de l\u2019enl\u00e8vement et l\u2019assassinat de son \u00e9poux Herv\u00e9 Gourdel en 2014.Le proc\u00e8s qui devait avoir lieu ce matin devant le tribunal criminel d\u2019Alger \u00e0 Dar El Beida a \u00e9t\u00e9 renvoy\u00e9 au 18 f\u00e9vrier en raison de l\u2019\u00e9tat de sant\u00e9 du principal [&hellip;]<\/p>\n","protected":false},"author":1743,"featured_media":0,"comment_status":"closed","ping_status":"closed","sticky":false,"template":"","format":"standard","meta":{"fifu_image_url":"","fifu_image_alt":"","footnotes":""},"categories":[73,53],"tags":[],"class_list":["post-110602","post","type-post","status-publish","format-standard","hentry","category-actualite","category-algerie"],"_links":{"self":[{"href":"https:\/\/linitiative.ca\/International\/wp-json\/wp\/v2\/posts\/110602","targetHints":{"allow":["GET"]}}],"collection":[{"href":"https:\/\/linitiative.ca\/International\/wp-json\/wp\/v2\/posts"}],"about":[{"href":"https:\/\/linitiative.ca\/International\/wp-json\/wp\/v2\/types\/post"}],"author":[{"embeddable":true,"href":"https:\/\/linitiative.ca\/International\/wp-json\/wp\/v2\/users\/1743"}],"replies":[{"embeddable":true,"href":"https:\/\/linitiative.ca\/International\/wp-json\/wp\/v2\/comments?post=110602"}],"version-history":[{"count":0,"href":"https:\/\/linitiative.ca\/International\/wp-json\/wp\/v2\/posts\/110602\/revisions"}],"wp:attachment":[{"href":"https:\/\/linitiative.ca\/International\/wp-json\/wp\/v2\/media?parent=110602"}],"wp:term":[{"taxonomy":"category","embeddable":true,"href":"https:\/\/linitiative.ca\/International\/wp-json\/wp\/v2\/categories?post=110602"},{"taxonomy":"post_tag","embeddable":true,"href":"https:\/\/linitiative.ca\/International\/wp-json\/wp\/v2\/tags?post=110602"}],"curies":[{"name":"wp","href":"https:\/\/api.w.org\/{rel}","templated":true}]}}