{"id":110604,"date":"2021-02-04T07:49:00","date_gmt":"2021-02-04T12:49:00","guid":{"rendered":"https:\/\/linitiative.ca\/International\/miguel-angel-moratinos-hommage-a-un-docteur-diplomate-mohammed-sahbi-basly\/"},"modified":"2021-02-04T07:49:00","modified_gmt":"2021-02-04T12:49:00","slug":"miguel-angel-moratinos-hommage-a-un-docteur-diplomate-mohammed-sahbi-basly","status":"publish","type":"post","link":"https:\/\/linitiative.ca\/International\/miguel-angel-moratinos-hommage-a-un-docteur-diplomate-mohammed-sahbi-basly\/","title":{"rendered":"Miguel \u00c1ngel Moratinos : Hommage \u00e0 un docteur diplomate, Mohammed Sahbi Basly"},"content":{"rendered":"<p><span class=\"c2\"><em><strong>Par Miguel \u00c1ngel Moratinos Cuyaub\u00e9<\/strong><\/em><\/span> <sup><span class=\"c2\"><em><strong>(*)<\/strong><\/em><\/span><\/sup> &#8211; C\u2019est avec beaucoup de tristesse que je viens d\u2019apprendre la disparition de mon cher ami Mohammed Sahbi Basly, le docteur diplomate.<\/p>\n<p>J\u2019avais connu mon ami Basly en Espagne en pleine campagne \u00e9lectorale au d\u00e9but de 2004. Il \u00e9tait d\u00e9j\u00e0 \u00e0 l\u2019\u00e9poque Ambassadeur de Tunisie en Espagne. Tout de suite une amiti\u00e9 s\u2019est \u00e9tablie entre nous deux. Il m\u2019a aid\u00e9 \u00e9norm\u00e9ment pendant les \u00e9lections l\u00e9gislatives et m\u2019a permis de projeter dans le milieu diplomatique et les communaut\u00e9s arabes d\u2019Espagne un programme de politique \u00e9trang\u00e8re. Imm\u00e9diatement apr\u00e8s que je sois nomm\u00e9 Ministre des Affaires \u00e9trang\u00e8res et de Coop\u00e9ration d\u2019Espagne, nous avons continu\u00e9 notre travail conjoint qui s\u2019est concr\u00e9tis\u00e9 lors d\u2019une visite de travail du Pr\u00e9sident du Gouvernement, M. Jos\u00e9 Luis Rodr\u00edguez Zapatero, et d\u2019une visite d\u2019\u00e9tat en Tunisie de Leurs Majest\u00e9s le Roi Juan Carlos Ier et la Reine Sophie.<\/p>\n<p>C\u2019\u00e9tait son premier poste diplomatique et c\u2019est pour cela qu\u2019il a toujours gard\u00e9 un souvenir inoubliable de son s\u00e9jour dans mon pays. Basly a toujours \u00e9t\u00e9 un agent d\u2019\u00e9tat, premi\u00e8rement comme gouverneur en Tunisie et apr\u00e8s comme un des meilleurs diplomates de la Tunisie dans le monde.<\/p>\n<p>Mais c\u2019est surtout ces postes \u00e0 Madrid et en Chine qui vont marquer la r\u00e9ussite de sa carri\u00e8re. Il quitta l\u2019Espagne pour Beijing et c\u2019est dans ce grand pays asiatique qu\u2019il d\u00e9ploya tout son potentiel. Il a eu la vision claire et juste pour sentir instantan\u00e9ment la puissance et la nouvelle place que la Chine tiendra dans le futur imm\u00e9diat.<\/p>\n<p>Nous avons continu\u00e9 \u00e0 travailler ensemble apr\u00e8s son retour en Tunisie et les ann\u00e9es qui ont suivi \u00e0 mon d\u00e9part comme Ministre du Gouvernement espagnol que nous avons approfondi notre amiti\u00e9 et notre travail. La M\u00e9diterran\u00e9e a \u00e9t\u00e9 l\u2019espace o\u00f9 nous avons d\u00e9ploy\u00e9 le plus d\u2019efforts communs. C\u2019est gr\u00e2ce \u00e0 lui que les chinois ont compris l\u2019importance de l\u2019int\u00e9r\u00eat g\u00e9ostrat\u00e9gique du \u00ab mare nostrum \u00bb. Il a re\u00e7u le mandat de mettre en place la nouvelle initiative du r\u00e9gime de Beijing de la nouvelle Route de la Soie, \u00ab one belt, one road \u00bb. Il a \u00e9t\u00e9 nomm\u00e9 Pr\u00e9sident de L\u2019Observatoire M\u00e9diterran\u00e9en de la Route de la Soie et il m\u2019a engag\u00e9 pour l\u2019aider dans cette entreprise.<\/p>\n<p>Mohammed Basly \u00e9tait un docteur, un m\u00e9decin. Il avait appris \u00e0 comment gu\u00e9rir les \u00eatres humains, mais surtout il a voulu gu\u00e9rir la soci\u00e9t\u00e9 tunisienne, m\u00e9diterran\u00e9enne et mondiale avec ses projets et ses initiatives. Il \u00e9tait un homme de culture. Je me rappelle une soir\u00e9e magique \u00e0 Carthage, dans les Thermes d\u2019Antonin, o\u00f9 nous avons assist\u00e9 \u00e0 un concert de la Fondation ONUART pour soutenir les Droits humains et l\u2019Alliance des civilisations : un monde multiculturel o\u00f9 la musique classique se joignait \u00e0 la musique du flamenco et du malouf. C\u2019\u00e9tait une nuit du mois de Juillet, il y avait une pleine lune qui illuminait ce d\u00e9cor romain fantastique. C\u2019est avec cette image inoubliable que j\u2019aimerais lui dire au revoir en sachant qu\u2019il repose en paix.<\/p>\n<p class=\"c4\"><strong>Miguel \u00c1ngel Moratinos Cuyaub\u00e9<\/strong><br \/><span class=\"c3\"><em>(*) Ancien Ministre des Affaires \u00c9trang\u00e8res de l\u2019Espagne<br \/>Haut Repr\u00e9sentant pour l\u2019Alliance des civilisations des Nations unies<\/em><\/span><\/p>\n<p class=\"c4\"><strong>Lire aussi<\/strong><\/p>\n<p><a href=\"https:\/\/www.leaders.com.tn\/article\/31371-l-ambassadeur-sahbi-basly-est-decede\" target=\"_blank\" rel=\"noopener\">L\u2019ambassadeur Sahbi Basly est d\u00e9c\u00e9d\u00e9<\/a><\/p>\n<p><a href=\"https:\/\/www.leaders.com.tn\/article\/30139-basly-mohamed-sahbi-un-nouveau-style-de-gouvernance-mondiale\" target=\"_blank\" rel=\"noopener\">Sahbi Basly : Un nouveau style de gouvernance mondiale<\/a><\/p>\n<p><a href=\"https:\/\/www.leaders.com.tn\/article\/30889-mohamed-sahbi-basly-elections-americaines-quelles-perspectives\" target=\"_blank\" rel=\"noopener\">Mohamed Sahbi Basly &#8211; \u00c9lections Am\u00e9ricaines : Quelles perspectives ?<\/a><\/p>\n<p><a href=\"https:\/\/www.leaders.com.tn\/article\/10025-sahbi-basly-livre-ses-memoires\" target=\"_blank\" rel=\"noopener\">Sahbi Basly livre ses m\u00e9moires<\/a><\/p>\n<p><a href=\"https:\/\/www.leaders.com.tn\/article\/29028-mohamed-sahbi-basly-kaies-saied-et-la-diplomatie-du-xxi-siecle\" target=\"_blank\" rel=\"noopener\">Mohamed Sahbi Basly : Kaies Saied et la diplomatie du XXI si\u00e8cle<\/a><\/p>\n<p><a href=\"https:\/\/www.leaders.com.tn\/article\/5904-sahbi-basly-la-femme-tunisienne-le-meilleur-rempart-contre-l-obscurantisme\" target=\"_blank\" rel=\"noopener\">Sahbi Basly : \u00ab\u00a0la femme tunisienne, le meilleur rempart contre l&rsquo;obscurantisme\u00a0\u00bb<\/a><\/p>\n<p><a href=\"https:\/\/www.leaders.com.tn\/article\/29798-dr-mohamed-sahbi-ou-va-le-monde-qu-est-qui-va-changer\" target=\"_blank\" rel=\"noopener\">Dr Mohamed Sahbi Basly : O\u00f9 va le monde? Qu\u2019est-ce qui va changer&#8230;!<\/a><\/p>\n<p><a href=\"https:\/\/www.leaders.com.tn\/article\/25416-dr-basly-mohamed-sahbi-la-tunisie-et-l-ambitieux-projet-la-ceinture-et-la-route\" target=\"_blank\" rel=\"noopener\">Dr Basly Mohamed Sahbi: La Tunisie et l\u2019ambitieux projet de \u00abla Route de la soie\u00bb<\/a><\/p>\n<p><a href=\"https:\/\/www.leaders.com.tn\/article\/4423-le-dr-sahbi-basly-obtient-le-visa-pour-son-parti-al-mustakbel\" target=\"_blank\" rel=\"noopener\">Le Dr Sahbi Basly obtient le visa pour son parti Al Mustakbel<\/a><\/p>\n<p><a href=\"https:\/\/www.leaders.com.tn\/article\/7021-sahbi-basly-et-faouzi-elloumi-fusionnent-leurs-partis\" target=\"_blank\" rel=\"noopener\">Sahbi Basly et Faouzi Elloumi fusionnent leurs partis<\/a><\/p>\n<p class=\"c4\">\u00a0<\/p>\n<p>Auteur:<br \/>\n<a href=\"https:\/\/www.leaders.com.tn\/article\/31378-miguel-angel-moratinos-hommage-a-un-docteur-diplomate-mohammed-sahbi-basly\">Cliquez ici pour lire l&rsquo;article depuis sa source.<\/a><\/p>\n","protected":false},"excerpt":{"rendered":"<p>Par Miguel \u00c1ngel Moratinos Cuyaub\u00e9 (*) &#8211; C\u2019est avec beaucoup de tristesse que je viens d\u2019apprendre la disparition de mon cher ami Mohammed Sahbi Basly, le docteur diplomate. J\u2019avais connu mon ami Basly en Espagne en pleine campagne \u00e9lectorale au d\u00e9but de 2004. Il \u00e9tait d\u00e9j\u00e0 \u00e0 l\u2019\u00e9poque Ambassadeur de Tunisie en Espagne. Tout de [&hellip;]<\/p>\n","protected":false},"author":1772,"featured_media":0,"comment_status":"closed","ping_status":"closed","sticky":false,"template":"","format":"standard","meta":{"fifu_image_url":"","fifu_image_alt":"","footnotes":""},"categories":[73,55],"tags":[],"class_list":["post-110604","post","type-post","status-publish","format-standard","hentry","category-actualite","category-tunisie"],"_links":{"self":[{"href":"https:\/\/linitiative.ca\/International\/wp-json\/wp\/v2\/posts\/110604","targetHints":{"allow":["GET"]}}],"collection":[{"href":"https:\/\/linitiative.ca\/International\/wp-json\/wp\/v2\/posts"}],"about":[{"href":"https:\/\/linitiative.ca\/International\/wp-json\/wp\/v2\/types\/post"}],"author":[{"embeddable":true,"href":"https:\/\/linitiative.ca\/International\/wp-json\/wp\/v2\/users\/1772"}],"replies":[{"embeddable":true,"href":"https:\/\/linitiative.ca\/International\/wp-json\/wp\/v2\/comments?post=110604"}],"version-history":[{"count":0,"href":"https:\/\/linitiative.ca\/International\/wp-json\/wp\/v2\/posts\/110604\/revisions"}],"wp:attachment":[{"href":"https:\/\/linitiative.ca\/International\/wp-json\/wp\/v2\/media?parent=110604"}],"wp:term":[{"taxonomy":"category","embeddable":true,"href":"https:\/\/linitiative.ca\/International\/wp-json\/wp\/v2\/categories?post=110604"},{"taxonomy":"post_tag","embeddable":true,"href":"https:\/\/linitiative.ca\/International\/wp-json\/wp\/v2\/tags?post=110604"}],"curies":[{"name":"wp","href":"https:\/\/api.w.org\/{rel}","templated":true}]}}