{"id":110605,"date":"2021-02-04T09:36:00","date_gmt":"2021-02-04T14:36:00","guid":{"rendered":"https:\/\/linitiative.ca\/International\/regenerer-les-villes-dhistoire-defendons-un-projet-davenir-pour-testour\/"},"modified":"2021-02-04T09:36:00","modified_gmt":"2021-02-04T14:36:00","slug":"regenerer-les-villes-dhistoire-defendons-un-projet-davenir-pour-testour","status":"publish","type":"post","link":"https:\/\/linitiative.ca\/International\/regenerer-les-villes-dhistoire-defendons-un-projet-davenir-pour-testour\/","title":{"rendered":"R\u00e9g\u00e9n\u00e9rer les villes d\u2019Histoire : d\u00e9fendons un projet d\u2019avenir pour Testour !"},"content":{"rendered":"<p><span class=\"c3\"><span class=\"c2\"><em><strong><img decoding=\"async\" src=\"\/uploads\/FCK_files\/Samia-Kassab-Charfi.jpg\" width=\"15%\" vspace=\"5\" hspace=\"5\" align=\"left\" alt=\"\"\/>Par<\/strong> <strong>Samia Kassab-Charfi &#8211;<\/strong><\/em><\/span><\/span> La chose est assez rare pour \u00eatre soulign\u00e9e : un haut responsable du Conseil municipal, \u00e9lu en juin 2018, inscrit sa vision personnelle du renouveau de Testour dans la candidature port\u00e9e \u00e0 un projet ambitieux, de grande envergure. Non pas tant dans l\u2019\u00e9tendue des restructurations escompt\u00e9es que dans le d\u00e9tail, la pr\u00e9cision des actions de r\u00e9novation et surtout la prise en compte de l\u2019impact de cette remise \u00e0 neuf sur l\u2019attractivit\u00e9, et donc sur la relance \u00e9conomique, de la ville.<br \/>Il peut sembler t\u00e9m\u00e9raire, tandis que nous sommes confront\u00e9s, chaque jour un peu plus, \u00e0 la tourmente d\u2019une \u00e9pid\u00e9mie qui refuse de r\u00e9gresser, de penser \u00e0 l\u2019apr\u00e8s-Covid. Pourtant, cette politique \u2013 car il faut bien l\u2019appeler ainsi \u2013 a \u00e9t\u00e9 amorc\u00e9e depuis 2 ans et demi d\u00e9j\u00e0, d\u2019abord par esprit patriotique et avec un sens accru de la responsabilit\u00e9 citoyenne, ensuite pour poursuivre et prolonger les actions entreprises par des ONG et des partenaires internationaux (dont l\u2019Ambassade de France, l\u2019Ambassade d\u2019Espagne et le Goethe Institut ; la ville de Lescar , l\u2019Agglom\u00e9ration de Pau et l\u2019AFRAHT, pour ne citer que ceux-l\u00e0) engag\u00e9s dans la d\u00e9fense et la pr\u00e9servation du patrimoine culturel et architectural de lieux de m\u00e9moire. Enfin et aussi pour donner le change \u00e0 des d\u00e9tracteurs scl\u00e9ros\u00e9s dans des attitudes pass\u00e9istes et exclusivistes, refusant de redorer le blason composite, pluriconfessionnel et pluraliste de la cit\u00e9.<\/p>\n<p>Membre impliqu\u00e9e de l\u2019Association de Sauvegarde de la M\u00e9dina de Testour, j\u2019ai \u00e9t\u00e9 imm\u00e9diatement interpell\u00e9e par la teneur et l\u2019enjeu de ce projet qui vise \u00e0 valoriser aussi bien le patrimoine mat\u00e9riel qu\u2019immat\u00e9riel de Testour. Testour exalt\u00e9e dans sa composante la plus prestigieuse, la plus noble : ville de \u00abconvivence\u00bb, beau terme issu de l\u2019espagnol \u00ab convivencia \u00bb, ville de traces, de savoir-faire, ville o\u00f9 chaque quartier signale, par des indices qui s\u2019effacent malheureusement, un patrimoine ancien pr\u00e9cieux.<\/p>\n<p>C\u2019est ce patrimoine que le Maire actuel, fort d\u2019un esprit d\u2019ouverture et d\u2019une conscience aigu\u00eb de la n\u00e9cessit\u00e9 de pr\u00e9server ce profil pluraliste et son fondement multiculturel, veut mettre en t\u00eate de ce projet, fid\u00e8le \u00e0 un mode de gouvernance o\u00f9 passion, volont\u00e9, pers\u00e9v\u00e9rance et ma\u00eetrise des dossiers d\u00e9termine ce parcours. Fort de son exp\u00e9rience et des longues ann\u00e9es pass\u00e9es \u00e0 l&rsquo;\u00e9tranger, M. Mensi a en effet apport\u00e9 un souffle nouveau, engageant toutes ses forces pour sauvegarder une ville andalouse malmen\u00e9e et souvent laiss\u00e9e en marge des restaurations.<\/p>\n<p>Ce Projet de R\u00e9g\u00e9n\u00e9ration des Centres Anciens (PRCA), concr\u00e9tisant la collaboration de l\u2019Agence Fran\u00e7aise de d\u00e9veloppement et de notre Minist\u00e8re de l\u2019Equipement (dont l\u2019engagement crucial doit \u00eatre salu\u00e9 ici, au passage), est l\u2019occasion de construire des partenariats dans le cadre de la coop\u00e9ration d\u00e9centralis\u00e9e. La mission de Restauration du fameux caf\u00e9 Andalous, pratiquement \u00e0 l&rsquo;abandon \u2013 si l\u2019on excepte une l\u00e9g\u00e8re r\u00e9fection r\u00e9alis\u00e9e il y a 25 ans environ \u2013 s\u2019accomplira en partenariat avec l\u2019Agence de la sauvegarde du Patrimoine et la Valorisation culturelle, dans un objectif de dynamisation du tourisme int\u00e9rieur \u2013 culturel et \u00e9cologique \u2013 et de valorisation des richesses, qui vont de l\u2019Artisanat jusqu\u2019\u00e0 la promotion des produits du terroir.<\/p>\n<p>R\u00e9activer la Testour andalouse en pr\u00e9servant son cachet historique passe \u00e9videmment par la programmation culturelle \u2013 et nous n\u2019ignorons pas \u00e0 quel point la comm\u00e9moration culturelle, le partage esth\u00e9tique ont subi ces derniers temps une rel\u00e9gation d\u00e9sastreuse due aux imp\u00e9ratifs nouvellement impos\u00e9s par la crise sanitaire. Dans l\u2019esprit du projet, la tenue d\u2019\u00e9v\u00e9nements culturels tels que les Journ\u00e9es Habiba Msika sont indissociables des diff\u00e9rents festivals dont Testour peut s\u2019enorgueillir. D\u2019abord celui du Malouf, dont l\u2019importance au sein de la tradition musicale tunisienne n\u2019est plus \u00e0 prouver et qui motivera en l\u2019occurrence la cr\u00e9ation, au sein de la Maison de la Culture r\u00e9nov\u00e9e, d\u2019un Conservatoire. Ensuite le Festival des Grenades, qui transforme la ville chaque ann\u00e9e en lieu de partage de saveurs, d\u2019\u00e9changes, de communion autour de ce fruit embl\u00e9matique de la cit\u00e9 qui, d\u00e9sormais, a inscrit sa forme pulpeuse \u00e0 l\u2019entr\u00e9e m\u00eame de la Ville \u2013 fruit qui, \u00e9galement, est en r\u00e9sonance avec l\u2019autre cit\u00e9 embl\u00e9matique de l\u2019histoire andalouse en Espagne \u2013 Grenade.\u00a0 Il faut \u00e0 cet \u00e9gard souligner un ph\u00e9nom\u00e8ne d\u2019imbrication des savoir-faire et des patrimoines lors de ce Festival des grenades, puisque de nombreuses artisanes \u2013 ce f\u00e9minin est essentiel ! \u2013 y exposent leurs productions, confitures et miels, associations savantes d\u2019herbes aromatiques et de condiments, d\u00e9gustations de sp\u00e9cialit\u00e9s culinaires andalouses, etc. \u00c0 toutes ces c\u00e9l\u00e9brations rendant hommage aux fruits de na terre et \u00e0 la dext\u00e9rit\u00e9 des artisanes, sera \u00e9galement \u2013 grande nouvelle \u2013 associ\u00e9 dor\u00e9navant un Festival de Flamenco que tous les m\u00e9lomanes attendent avec impatience.<\/p>\n<p>S\u2019il est un fait majeur, h\u00e9las, qui d\u00e9pare nos centres urbains et d\u00e9figure souvent le paysage des rues de nos villages, ce sont les manquements li\u00e9s au maintien de la voirie et l\u2019inexistence d\u2019une logistique de tri des d\u00e9chets. De ce point de vue, le Projet PRCA pr\u00e9voit la cr\u00e9ation d\u2019une zone industrielle verte 0 d\u00e9chet, de m\u00eame qu\u2019un planning r\u00e9visionnel du plan d&rsquo;urbanisme, r\u00e9vision destin\u00e9e \u00e0desserrer l&rsquo;\u00e9tau autour de la vieille ville.<\/p>\n<p>Ainsi, et pour ne pas rater le rendez-vous de cette campagne \u00e9coresponsable de restauration et modernisation, Testour d\u00e9poser afin F\u00e9vrier 2021, aupr\u00e8s du Minist\u00e8re de l&rsquo;\u00c9quipement et de l&rsquo;Agence Fran\u00e7aise du D\u00e9veloppement,sa candidature au Projet de R\u00e9g\u00e9n\u00e9ration des Centres Anciens.<\/p>\n<p>Tandis que des probl\u00e8mes socio\u00e9conomiques majeurs, dus aux disparit\u00e9s entre les r\u00e9gions, perdurent depuis des d\u00e9cennies, il faut esp\u00e9rer que les autorit\u00e9s soient bienveillantes, d&rsquo;autant plus que ce projet int\u00e8gre des monuments de poids dont la maison de Habiba Msika, les vieux quartiers Andalous, le souk avec ses petites \u00e9choppes et ses tisserands et brodeurs de jbeyeb ainsi qu\u2019une petite synagogue tr\u00e8s typique, vieille de 4 si\u00e8cles, qui en dit long sur le vivre-ensemble entre Juifs et Musulmans durant les 4 si\u00e8cles o\u00f9 ils v\u00e9curent ensemble, dans les m\u00eames rues de la ville.<\/p>\n<p>Nous voulons ici lancer un Appel en faveur de sa s\u00e9lection, lancer un Appel pour que Testour, premi\u00e8re ville andalouse qui demeure avec un cachet attractif et unique au Maghreb, de l&rsquo;aveu m\u00eame des sp\u00e9cialistes et des experts, soit retenue afin de pouvoir b\u00e9n\u00e9ficier de ce projet de r\u00e9habilitation cher \u00e0 une commune dont le Maire n&rsquo;a cess\u00e9 de travailler depuis plus d&rsquo;un an et dont les Associations \u2013 sp\u00e9cialement l\u2019Association de Sauvegarde de la M\u00e9dina de Testour, avec Si Rachid Soussi, partenaire de poids de la mairie \u2013 sont f\u00e9d\u00e9r\u00e9es selon un pacte commun tacite : celui de maintenir le souffle d\u2019une cit\u00e9 qui est un haut lieu de m\u00e9moire tunisienne, et de prolonger ce souffle par des r\u00e9alisations qui attestent de notre conscience citoyenne.<\/p>\n<p class=\"c4\"><strong>Samia Kassab-Charfi<\/strong><br \/><span class=\"c2\"><em>Universit\u00e9 de Tunis<\/em><\/span><br \/>\u00a0<\/p>\n<p>Auteur:<br \/>\n<a href=\"https:\/\/www.leaders.com.tn\/article\/31379-regenerer-les-villes-d-histoire-defendons-un-projet-d-avenir-pour-testour\">Cliquez ici pour lire l&rsquo;article depuis sa source.<\/a><\/p>\n","protected":false},"excerpt":{"rendered":"<p>Par Samia Kassab-Charfi &#8211; La chose est assez rare pour \u00eatre soulign\u00e9e : un haut responsable du Conseil municipal, \u00e9lu en juin 2018, inscrit sa vision personnelle du renouveau de Testour dans la candidature port\u00e9e \u00e0 un projet ambitieux, de grande envergure. Non pas tant dans l\u2019\u00e9tendue des restructurations escompt\u00e9es que dans le d\u00e9tail, la [&hellip;]<\/p>\n","protected":false},"author":1772,"featured_media":0,"comment_status":"closed","ping_status":"closed","sticky":false,"template":"","format":"standard","meta":{"fifu_image_url":"\/uploads\/FCK_files\/Samia-Kassab-Charfi.jpg","fifu_image_alt":"R\u00e9g\u00e9n\u00e9rer les villes d\u2019Histoire : d\u00e9fendons un projet d\u2019avenir pour Testour !","footnotes":""},"categories":[73,55],"tags":[],"class_list":["post-110605","post","type-post","status-publish","format-standard","hentry","category-actualite","category-tunisie"],"_links":{"self":[{"href":"https:\/\/linitiative.ca\/International\/wp-json\/wp\/v2\/posts\/110605","targetHints":{"allow":["GET"]}}],"collection":[{"href":"https:\/\/linitiative.ca\/International\/wp-json\/wp\/v2\/posts"}],"about":[{"href":"https:\/\/linitiative.ca\/International\/wp-json\/wp\/v2\/types\/post"}],"author":[{"embeddable":true,"href":"https:\/\/linitiative.ca\/International\/wp-json\/wp\/v2\/users\/1772"}],"replies":[{"embeddable":true,"href":"https:\/\/linitiative.ca\/International\/wp-json\/wp\/v2\/comments?post=110605"}],"version-history":[{"count":0,"href":"https:\/\/linitiative.ca\/International\/wp-json\/wp\/v2\/posts\/110605\/revisions"}],"wp:attachment":[{"href":"https:\/\/linitiative.ca\/International\/wp-json\/wp\/v2\/media?parent=110605"}],"wp:term":[{"taxonomy":"category","embeddable":true,"href":"https:\/\/linitiative.ca\/International\/wp-json\/wp\/v2\/categories?post=110605"},{"taxonomy":"post_tag","embeddable":true,"href":"https:\/\/linitiative.ca\/International\/wp-json\/wp\/v2\/tags?post=110605"}],"curies":[{"name":"wp","href":"https:\/\/api.w.org\/{rel}","templated":true}]}}