{"id":110606,"date":"2021-02-04T10:20:00","date_gmt":"2021-02-04T15:20:00","guid":{"rendered":"https:\/\/linitiative.ca\/International\/parution-du-numero-de-fevrier-de-la-revue-leaders-quelles-seront-les-consequences-de-lepidemie-sur-la-sante-mentale-du-tunisien\/"},"modified":"2021-02-04T10:20:00","modified_gmt":"2021-02-04T15:20:00","slug":"parution-du-numero-de-fevrier-de-la-revue-leaders-quelles-seront-les-consequences-de-lepidemie-sur-la-sante-mentale-du-tunisien","status":"publish","type":"post","link":"https:\/\/linitiative.ca\/International\/parution-du-numero-de-fevrier-de-la-revue-leaders-quelles-seront-les-consequences-de-lepidemie-sur-la-sante-mentale-du-tunisien\/","title":{"rendered":"Parution du num\u00e9ro de f\u00e9vrier de la revue Leaders : Quelles seront les cons\u00e9quences de l&rsquo;\u00e9pid\u00e9mie sur la sant\u00e9 mentale du Tunisien ?"},"content":{"rendered":"<p>Mal-vie, stress, d\u00e9pression&#8230;Dans ce climat hautement anxiog\u00e8ne d\u00fb \u00e0\u00a0 l&rsquo;\u00e9pid\u00e9mie du coronavirus, il va de soi que la revue Leaders donne le primat \u00e0 la sant\u00e9\u00a0 mentale du Tunisien.<\/p>\n<p>Il se croyait le ma\u00eetre et le possesseur de la nature. Du jour au lendemain, l&rsquo;homme se d\u00e9couvre vuln\u00e9rable, contraint comme ses anc\u00eatres de se confiner pour se prot\u00e9ger du corona virus.<\/p>\n<p>Quelles sont les cons\u00e9quences de cette \u00e9pid\u00e9mie sur le plan\u00a0 psychiatrique en Tunisie ? Comment le CoVid-19 accro\u00eet-il les risques de violence contre les femmes ? Comment s&rsquo;en pr\u00e9munir ? Quels sont les troubles peuvent-ils\u00a0 \u00eatre graves et invalidants, Leaders a interrog\u00e9 3 m\u00e9decins psychiatres, Rym Ghachem, Sofiane Zribi et Lofi Gaha.<\/p>\n<p>Une affaire d&rsquo;inceste a d\u00e9fray\u00e9 la chronique r\u00e9cemment en France.On se croyait\u00a0 immunis\u00e9s contre ce genre d&rsquo;affaires. Pourtant, Monia Ben Jemai, professeure \u00e0 la facult\u00e9 des Sciences juridiques et politiques de Tunis vient de publier un livre sur ce sujet chez C\u00e9r\u00e8s Production. Elle a mis 5 ans pour l&rsquo;\u00e9crire. Pourquoi ce livre ? Dans une interview elle s&rsquo;explique : <em>\u00ab\u00a0Je me suis rendu compte \u00e0 quel pont l&rsquo;inceste \u00e9tait fr\u00e9quent et combien, il d\u00e9truisait l&rsquo;avenir des enfants qui en sont vitimes\u00a0\u00bb.<\/em><\/p>\n<p>Leaders publie de bonnes feuilles de ce livre captivant ainsi que des comptes rendus de livres qui viennent de para\u00eetre comme l&rsquo;ouvrage de Gilles Kepel \u00ab\u00a0Le proph\u00e8te et la pand\u00e9mie.Du Moyen-Orient au jihadisme d&rsquo;athmosph\u00e8re\u00a0\u00bbdont on publie des bonnes feuilles, les M\u00e9moires de Ta\u00efeb Baccouche ancien ministre et secr\u00e9taire g\u00e9n\u00e9ral\u00a0 de l&rsquo;Ugtt \u00ab\u00a0le pr\u00e9sident Habib Bourguiba tel que je l&rsquo;ai connu\u00a0\u00bb (en arabe),\u00a0 \u00ab\u00a0Mohamed Triki, chef scout et gouverneur de Bourguiba\u00a0\u00bb (en arabe).On pourra \u00e9galement lire avec profit les chroniques de Habib Touhami, Mohamed Aziz Ben Achour et Ammar Mahjoubi.<\/p>\n<p>Enfin, la rubrique des hommages\u00a0 est particuli\u00e8rement fournie cette fois-ci : l\u00a0\u00bbancien directeur de l&rsquo;IPSI, Moncef Chennoufi ; l&rsquo;ancien ministre Moncer Rouissi ; la d\u00e9put\u00e9e Maherzia Labidi et\u00a0 et l&rsquo;historien Mohamed Hedi Ch\u00e9rif. 4 grand tunisiens qui ont laiss\u00e9 chacun dans les fonctions qui \u00e9taient les leurs, une trace ind\u00e9l\u00e9bile.<\/p>\n<p><span class=\"c3\"><span class=\"c2\"><strong>Sommaire<\/strong><\/span><\/span><\/p>\n<p><span class=\"c5\"><span class=\"c4\"><strong>Opinion<\/strong><\/span><\/span><\/p>\n<p><span class=\"c4\"><strong>\u2022<\/strong><\/span> Comment sortir de l\u2019impasse quand les institutions deviennent toxiques ?<br \/><span class=\"c6\"><em>\u00a0\u00a0 Par Riadh Zghal<\/em><\/span><\/p>\n<p><span class=\"c5\"><span class=\"c4\"><strong>En couverture<\/strong><\/span><\/span><\/p>\n<p><span class=\"c4\"><strong>\u2022<\/strong><\/span> <span class=\"c3\"><strong>Dossier:<\/strong><\/span> Mal-vie&#8230;<\/p>\n<p class=\"c7\">&#8211; Les troubles psychologiques<br \/><span class=\"c6\"><em>\u00a0\u00a0 Par Dr Rym Ghachem<\/em><\/span><\/p>\n<p class=\"c7\">&#8211; Jeunesse tunisienne : il faut un port \u00e0 ce bateau \u00e0 la d\u00e9rive!<br \/><span class=\"c6\"><em>\u00a0\u00a0 Par Dr Sofiane Zribi<\/em><\/span><\/p>\n<p class=\"c7\">&#8211; Les Tunisiens \u00e0 l\u2019\u00e9preuve du vieillissement<br \/><span class=\"c6\"><em>\u00a0\u00a0 Par Dr Lotfi Gaha<\/em><\/span><\/p>\n<p class=\"c7\">&#8211; Inceste, l\u2019acte perfide d\u00e9nonc\u00e9<br \/><span class=\"c6\"><em>\u00a0\u00a0 Par Monia Ben J\u00e9mia<\/em><\/span><\/p>\n<p class=\"c7\">&#8211; Pleure \u00f4 mon pays bien aim\u00e9!<br \/><span class=\"c6\"><em>\u00a0\u00a0 Par Dr Sofiane Zribi<\/em><\/span><\/p>\n<p><span class=\"c4\"><span class=\"c5\"><strong>Chronique<\/strong><\/span><\/span><\/p>\n<p><span class=\"c4\"><strong>\u2022<\/strong><\/span> Mouvements sociaux\u00a0 : bis repetita?<br \/>\u00a0\u00a0 Par Slaheddine Dchicha<\/p>\n<p><span class=\"c4\"><span class=\"c5\"><strong>Nation<\/strong><\/span><\/span><\/p>\n<p><span class=\"c4\"><strong>\u2022<\/strong><\/span> L\u2019Afrique du Nord et le Moyen-Orient apr\u00e8s 2020 sous l\u2019analyse de Gilles Kepel<\/p>\n<p><span class=\"c4\"><strong>\u2022<\/strong><\/span> Enfin, une strat\u00e9gie nationale pour l\u2019emploi voit le jour<br \/><span class=\"c6\"><em>\u00a0\u00a0 Par Pr Abderrazak Zouari<\/em><\/span><\/p>\n<p><span class=\"c4\"><strong>\u2022<\/strong><\/span> L\u2019enseignement de l\u2019histoire dans le secondaire, source d\u2019inculture et d\u2019extr\u00e9misme<br \/><span class=\"c6\"><em>\u00a0\u00a0 Par Habib Touhami<\/em><\/span><\/p>\n<p><span class=\"c5\"><span class=\"c4\"><strong>Soci\u00e9t\u00e9<\/strong><\/span><\/span><\/p>\n<p><span class=\"c4\"><strong>\u2022<\/strong><\/span> La cr\u00e9ation d\u2019une police \u00e0 Tunis en 1860<br \/><span class=\"c6\"><em>\u00a0\u00a0 Par Mohamed El Aziz Ben Achour<\/em><\/span><\/p>\n<p><span class=\"c4\"><strong>\u2022<\/strong><\/span> Religion et politique<br \/><span class=\"c6\"><em>\u00a0\u00a0 Par Ammar Mahjoubi<\/em><\/span><\/p>\n<p><span class=\"c4\"><strong>\u2022<\/strong><\/span> Maison Dedine: le meilleur\u00a0 de Sidi Bou Sa\u00efd<\/p>\n<p><span class=\"c4\"><strong>\u2022<\/strong><\/span> Les m\u00e9moires poignantes de Mohamed Kilani: La gauche n\u2019a pas compris les changements profonds en Tunisie<\/p>\n<p><span class=\"c4\"><strong>\u2022<\/strong><\/span> Olivier Poivre d\u2019Arvor: l\u2019amoureux d\u2019Alexandrie<\/p>\n<p><span class=\"c4\"><strong>\u2022<\/strong><\/span> Ta\u00efeb Baccouche: face \u00e0 Bourguiba pour d\u00e9nouer la crise syndicale: des r\u00e9v\u00e9lations dans un livre de premi\u00e8re main<\/p>\n<p><span class=\"c4\"><strong>\u2022<\/strong><\/span> Mohamed Triki: chef scout et gouverneur de Bourguiba<\/p>\n<p><span class=\"c4\"><strong>\u2022<\/strong><\/span> Moncef Chenoufi: le savant, l\u2019homme et le manager<\/p>\n<p><span class=\"c4\"><strong>\u2022<\/strong><\/span> Moncer Rouissi: l\u2019 intellectuel, l\u2019homme d\u2019Etat et le patriote&#8230;<br \/><span class=\"c6\"><em>\u00a0\u00a0 Par Rafa\u00e2 Ben Achour<\/em><\/span><\/p>\n<p><span class=\"c4\"><strong>\u2022<\/strong><\/span> Moncer Rouissi: le ministre atypique<br \/><span class=\"c6\"><em>\u00a0\u00a0 Par Dr Ridha Kechrid<\/em><\/span><\/p>\n<p><span class=\"c4\"><strong>\u2022<\/strong><\/span> La Tunisie moderne et patriote en deuil!<br \/><span class=\"c6\"><em>\u00a0\u00a0 Par Hatem Kotrane<\/em><\/span><\/p>\n<p><span class=\"c4\"><strong>\u2022<\/strong><\/span> Meherzia Labidi: la voix tonitruante d\u2019Ennahdha au Bardo<\/p>\n<p><span class=\"c4\"><strong>\u2022<\/strong><\/span> Mohamed H\u00e9di Ch\u00e9rif: l\u2019historien<br \/><span class=\"c6\"><em>\u00a0\u00a0 Par Abdelhamid Largu\u00e8che<\/em><\/span><\/p>\n<p><span class=\"c4\"><span class=\"c5\"><strong>Billet<br \/><\/strong><\/span><\/span><\/p>\n<p><span class=\"c4\"><strong>\u2022<\/strong><\/span> O\u00f9 l\u2019on reparle d\u2019une seconde r\u00e9volution<br \/><span class=\"c6\"><em>\u00a0\u00a0 Par H\u00e9di B\u00e9hi<\/em><\/span><\/p>\n<p>Auteur:<br \/>\n<a href=\"https:\/\/www.leaders.com.tn\/article\/31376-parution-du-numero-de-fevrier-de-la-revue-leaders-quelles-seront-les-consequences-de-l-epidemie-sur-la-sante-mentale-du-tunisien\">Cliquez ici pour lire l&rsquo;article depuis sa source.<\/a><\/p>\n","protected":false},"excerpt":{"rendered":"<p>Mal-vie, stress, d\u00e9pression&#8230;Dans ce climat hautement anxiog\u00e8ne d\u00fb \u00e0\u00a0 l&rsquo;\u00e9pid\u00e9mie du coronavirus, il va de soi que la revue Leaders donne le primat \u00e0 la sant\u00e9\u00a0 mentale du Tunisien. Il se croyait le ma\u00eetre et le possesseur de la nature. Du jour au lendemain, l&rsquo;homme se d\u00e9couvre vuln\u00e9rable, contraint comme ses anc\u00eatres de se confiner [&hellip;]<\/p>\n","protected":false},"author":1772,"featured_media":0,"comment_status":"closed","ping_status":"closed","sticky":false,"template":"","format":"standard","meta":{"fifu_image_url":"","fifu_image_alt":"","footnotes":""},"categories":[73,55],"tags":[],"class_list":["post-110606","post","type-post","status-publish","format-standard","hentry","category-actualite","category-tunisie"],"_links":{"self":[{"href":"https:\/\/linitiative.ca\/International\/wp-json\/wp\/v2\/posts\/110606","targetHints":{"allow":["GET"]}}],"collection":[{"href":"https:\/\/linitiative.ca\/International\/wp-json\/wp\/v2\/posts"}],"about":[{"href":"https:\/\/linitiative.ca\/International\/wp-json\/wp\/v2\/types\/post"}],"author":[{"embeddable":true,"href":"https:\/\/linitiative.ca\/International\/wp-json\/wp\/v2\/users\/1772"}],"replies":[{"embeddable":true,"href":"https:\/\/linitiative.ca\/International\/wp-json\/wp\/v2\/comments?post=110606"}],"version-history":[{"count":0,"href":"https:\/\/linitiative.ca\/International\/wp-json\/wp\/v2\/posts\/110606\/revisions"}],"wp:attachment":[{"href":"https:\/\/linitiative.ca\/International\/wp-json\/wp\/v2\/media?parent=110606"}],"wp:term":[{"taxonomy":"category","embeddable":true,"href":"https:\/\/linitiative.ca\/International\/wp-json\/wp\/v2\/categories?post=110606"},{"taxonomy":"post_tag","embeddable":true,"href":"https:\/\/linitiative.ca\/International\/wp-json\/wp\/v2\/tags?post=110606"}],"curies":[{"name":"wp","href":"https:\/\/api.w.org\/{rel}","templated":true}]}}