{"id":110610,"date":"2021-02-04T05:00:00","date_gmt":"2021-02-04T10:00:00","guid":{"rendered":"https:\/\/linitiative.ca\/International\/reprise-de-la-competition-les-2-et-3-avril\/"},"modified":"2021-02-04T05:00:00","modified_gmt":"2021-02-04T10:00:00","slug":"reprise-de-la-competition-les-2-et-3-avril","status":"publish","type":"post","link":"https:\/\/linitiative.ca\/International\/reprise-de-la-competition-les-2-et-3-avril\/","title":{"rendered":"Reprise de la comp\u00e9tition les 2 et 3 avril"},"content":{"rendered":"<p>Le championnat d&rsquo;Alg\u00e9rie Excellence de handball, \u00e0 l\u2019arr\u00eat depuis mars 2020 en raison de la pand\u00e9mie de coronavirus (Covid-19), reprendra ses droits le week-end du 2 et 3 avril prochain, a annonc\u00e9 mardi soir la F\u00e9d\u00e9ration alg\u00e9rienne (FAHB) dans un communiqu\u00e9. \u00abSuite \u00e0 la d\u00e9cision minist\u00e9rielle concernant la r\u00e9ouverture des salles omnisports, la F\u00e9d\u00e9ration annonce la reprise du championnat de handball les 2 et 3 avril prochains\u00bb, a indiqu\u00e9 l\u2019instance f\u00e9d\u00e9rale sur sa page officielle Facebook. Le minist\u00e8re de la Jeunesse et des Sports (MJS) a autoris\u00e9 la r\u00e9ouverture progressive des salles omnisports et des salles de sport \u00e0 partir d\u2019hier, en concertation avec le Comit\u00e9 scientifique de suivi de l&rsquo;\u00e9valuation de la pand\u00e9mie de Covid-19. La FAHB a soulign\u00e9 qu\u2019elle d\u00e9voilera \u00abult\u00e9rieurement le syst\u00e8me du d\u00e9roulement de la comp\u00e9tition et les mesures relatives au protocole sanitaire\u00bb. Dans une d\u00e9claration accord\u00e9e \u00e0 l\u2019APS en novembre dernier, le pr\u00e9sident de la FAHB, Habib Labane, avait affich\u00e9 sa volont\u00e9 de poursuivre la saison 2019-2020, tout en annulant l&rsquo;exercice 2020-2021. \u00abSi les clubs seront autoris\u00e9s \u00e0 reprendre les entra\u00eenements au plus tard en f\u00e9vrier, on aura la possibilit\u00e9 de poursuivre la saison 2019-2020, tout en annulant celle de 2020-2021. On en aura pour deux mois de comp\u00e9tition\u00bb, avait-il dit.<\/p>\n<p>Auteur:<br \/>\n<a href=\"https:\/\/www.lesoirdalgerie.com\/sports\/reprise-de-la-competition-les-2-et-3-avril-55810\">Cliquez ici pour lire l&rsquo;article depuis sa source.<\/a><\/p>\n","protected":false},"excerpt":{"rendered":"<p>Le championnat d&rsquo;Alg\u00e9rie Excellence de handball, \u00e0 l\u2019arr\u00eat depuis mars 2020 en raison de la pand\u00e9mie de coronavirus (Covid-19), reprendra ses droits le week-end du 2 et 3 avril prochain, a annonc\u00e9 mardi soir la F\u00e9d\u00e9ration alg\u00e9rienne (FAHB) dans un communiqu\u00e9. \u00abSuite \u00e0 la d\u00e9cision minist\u00e9rielle concernant la r\u00e9ouverture des salles omnisports, la F\u00e9d\u00e9ration annonce [&hellip;]<\/p>\n","protected":false},"author":1741,"featured_media":0,"comment_status":"closed","ping_status":"closed","sticky":false,"template":"","format":"standard","meta":{"fifu_image_url":"","fifu_image_alt":"","footnotes":""},"categories":[73,53],"tags":[],"class_list":["post-110610","post","type-post","status-publish","format-standard","hentry","category-actualite","category-algerie"],"_links":{"self":[{"href":"https:\/\/linitiative.ca\/International\/wp-json\/wp\/v2\/posts\/110610","targetHints":{"allow":["GET"]}}],"collection":[{"href":"https:\/\/linitiative.ca\/International\/wp-json\/wp\/v2\/posts"}],"about":[{"href":"https:\/\/linitiative.ca\/International\/wp-json\/wp\/v2\/types\/post"}],"author":[{"embeddable":true,"href":"https:\/\/linitiative.ca\/International\/wp-json\/wp\/v2\/users\/1741"}],"replies":[{"embeddable":true,"href":"https:\/\/linitiative.ca\/International\/wp-json\/wp\/v2\/comments?post=110610"}],"version-history":[{"count":0,"href":"https:\/\/linitiative.ca\/International\/wp-json\/wp\/v2\/posts\/110610\/revisions"}],"wp:attachment":[{"href":"https:\/\/linitiative.ca\/International\/wp-json\/wp\/v2\/media?parent=110610"}],"wp:term":[{"taxonomy":"category","embeddable":true,"href":"https:\/\/linitiative.ca\/International\/wp-json\/wp\/v2\/categories?post=110610"},{"taxonomy":"post_tag","embeddable":true,"href":"https:\/\/linitiative.ca\/International\/wp-json\/wp\/v2\/tags?post=110610"}],"curies":[{"name":"wp","href":"https:\/\/api.w.org\/{rel}","templated":true}]}}