{"id":110613,"date":"2021-02-04T16:07:08","date_gmt":"2021-02-04T21:07:08","guid":{"rendered":"https:\/\/linitiative.ca\/International\/tunisie-vaccin-anti-covid-quel-sort-pour-les-refugies-et-les-personnes-en-situation-irreguliere\/"},"modified":"2021-02-04T16:07:08","modified_gmt":"2021-02-04T21:07:08","slug":"tunisie-vaccin-anti-covid-quel-sort-pour-les-refugies-et-les-personnes-en-situation-irreguliere","status":"publish","type":"post","link":"https:\/\/linitiative.ca\/International\/tunisie-vaccin-anti-covid-quel-sort-pour-les-refugies-et-les-personnes-en-situation-irreguliere\/","title":{"rendered":"Tunisie \u2013 Vaccin anti covid\u00a0: quel sort pour les r\u00e9fugi\u00e9s et les personnes en situation irr\u00e9guli\u00e8re\u00a0?"},"content":{"rendered":"<div class=\"post-cont-in left relative\">\n<div id=\"post-info-wrap\" class=\"left relative post-info-out\">\n<div class=\"post-info-img left relative\"><img loading=\"lazy\" decoding=\"async\" alt=\"\" src=\"https:\/\/secure.gravatar.com\/avatar\/96253f4a657b482a18e837c1252096c2?s=50&amp;d=mm&amp;r=g\" srcset=\"https:\/\/secure.gravatar.com\/avatar\/96253f4a657b482a18e837c1252096c2?s=100&amp;d=mm&amp;r=g 2x\" class=\"avatar avatar-50 photo\" height=\"50\" width=\"50\"\/><\/div>\n<div class=\"post-info-in\">\n<div class=\"post-info-right left relative post-info-name left relative\"><span><span class=\"post-info-text\">Par<\/span> <span class=\"author-name vcard fn author\"><a href=\"https:\/\/www.tunisienumerique.com\/author\/saber\/\" title=\"Articles par Saber .\" rel=\"author\">Saber .<\/a><\/span><\/span> <span class=\"post-date updated\"><time class=\"post-date updated\" datetime=\"2021-02-04\">\u00a0| Il y a 1 heure<\/time><\/span><\/div>\n<div class=\"left relative\"><button id=\"listenButton1\" class=\"responsivevoice-button\" type=\"button\" value=\"Play\" title=\"&#xC9;coutez l'article\"><span>\ud83d\udd0a \u00c9coutez l&rsquo;article<\/span><\/button> <\/div>\n<\/div>\n<\/div>\n<p>La Tunisie peine, gr\u00e2ce \u00e0 la comp\u00e9tence hors pair de son ministre de la sant\u00e9, \u00e0 ramener les doses de vaccin n\u00e9cessaires pour atteindre l\u2019immunit\u00e9 g\u00e9n\u00e9rale de la population, seule conditions pour pouvoir arr\u00eater l\u2019\u00e9pid\u00e9mie dans le pays, et permettre une reprise de la roue de l\u2019\u00e9conomie.<\/p>\n<div class=\"code-block code-block-1 c4\"><ins class=\"adsbygoogle c3\" data-ad-layout=\"in-article\" data-ad-format=\"fluid\" data-ad-client=\"ca-pub-2102118777505746\" data-ad-slot=\"7301775417\"\/> <\/div>\n<p>Le minist\u00e8re de la sant\u00e9 s\u2019inqui\u00e8te du fait de ne pas pouvoir se procurer les doses de vaccin pour toutes les personnes qui le n\u00e9cessitent, de part leur \u00e9tat de sant\u00e9, ou de leur m\u00e9tier expos\u00e9.<\/p>\n<p>Mais il faut savoir que, qu\u2019il le veuille ou pas, le ministre de la sant\u00e9 est dans l\u2019obligation de vacciner toutes les franges de la population \u00e0 des degr\u00e9s variables, afin de pouvoir esp\u00e9rer juguler l\u2019\u00e9volution et la progression de la maladie dans la population g\u00e9n\u00e9rale. Donc, qu\u2019il en ait les moyens ou non, qu\u2019il ait r\u00e9ussi \u00e0 commander les doses de vaccin ou non, le ministre est dans l\u2019obligation de se d\u00e9brouiller pour ramener de quoi vacciner une grande partie, au moins 60% de la population vivant en Tunisie. On dit bien la population vivant en Tunisie, et non pas la population tunisienne. Car, la Tunisie, fid\u00e8le \u00e0 sa r\u00e9putation ancestrale de terre d\u2019accueil, h\u00e9berge sur son sol, des milliers, voire des dizaines de milliers d\u2019\u00e9tranger qui y vivent de fa\u00e7on irr\u00e9guli\u00e8re, mais aussi, l\u00e9gale. Ces \u00e9trangers \u00e9tant, dans la majorit\u00e9 des cas, les fr\u00e8res de l\u2019Afrique subsaharienne qui ont \u00e9lu domicile en Tunisie, et les fr\u00e8res libyens qui viennent se r\u00e9fugier du c\u00f4t\u00e9 de chez nous, pour fuir les affres de la situation s\u00e9curitaire instable chez eux, ainsi que les r\u00e9fugi\u00e9s de tous bords.<\/p>\n<p>Or, il semble, \u00e0 travers le peu qu\u2019a pr\u00e9par\u00e9 le minist\u00e8re de la sant\u00e9, pour la campagne de vaccination, qu\u2019aucune mention n\u2019est faite \u00e0 cette frange importante de la population qui vit sous nos cieux.<\/p>\n<p>Ils sont, pourtant, \u00e0 ce que l\u2019on sache, des \u00eatres humains, devant jouir de leurs droits en tant que tels. Ils sont, par ailleurs, int\u00e9gr\u00e9s \u00e0 la population tunisienne et travaillent, c\u00f4te \u00e0 c\u00f4te avec les tunisiens, et en grand nombre, dans plusieurs domaines. Ils habitent dans des quartiers bien d\u00e9termin\u00e9s, de fa\u00e7on \u00e0 constituer des groupements soci\u00e9taux d\u2019assez grande importance.<\/p>\n<p>Ce qui fait que, si on n\u00e9glige leur vaccination, et en plus du fait ind\u00e9niable qu\u2019on est en train de les priver de leur droit fondamental \u00e0 la vie et \u00e0 la sant\u00e9, ils constitueront, toujours, une source probable de contamination de la population dans laquelle ils \u00e9voluent. Et le fait qu\u2019ils habitent regroup\u00e9s dans certains quartiers, cela repr\u00e9sentera, toujours, le risque d\u2019apparition de clusters de la maladie.<\/p>\n<p>Prenons, donc, pour une fois, l\u2019exemple de ceux qui font bien les choses, en l\u2019occurrence, cette fois-ci, les cubains qui ont annonc\u00e9 fournir, \u00e0 titre gracieux, le vaccin \u00e0 tous les \u00e9trangers qui y r\u00e9sident ou ceux qui y acc\u00e8dent\u2026<\/p>\n<p>Soyons humains, au moins dans l\u2019adversit\u00e9\u00a0!<\/p>\n<div class=\"swp_social_panel swp_horizontal_panel swp_flat_fresh swp_default_full_color swp_individual_full_color swp_other_full_color scale-100 scale-\" data-min-width=\"1100\" data-float-color=\"#ffffff\" data-float=\"bottom\" data-float-mobile=\"bottom\" data-transition=\"slide\">\n<div class=\"nc_tweetContainer swp_share_button total_shares total_sharesalt\"><span class=\"swp_count\">1 <span class=\"swp_label\">Partages<\/span><\/span><\/div>\n<\/div>\n<p><strong>Que se passe-t-il en Tunisie?<\/strong><br \/>Nous expliquons sur notre <a href=\"https:\/\/www.youtube.com\/channel\/UCRzypVq0B_yBad5eGrwBx0Q?sub_confirmation=1\" target=\"_blank\" rel=\"noopener\">cha\u00eene YouTube<\/a> . <a href=\"https:\/\/www.youtube.com\/channel\/UCRzypVq0B_yBad5eGrwBx0Q?sub_confirmation=1\" target=\"_blank\" rel=\"noopener\">Abonnez-vous!<\/a><\/p>\n<div class=\"mvp-org-wrap mvp-org-logo\" itemprop=\"publisher\"><img decoding=\"async\" src=\"https:\/\/www.tunisienumerique.com\/wp-content\/uploads\/2017\/02\/logo_tunisie_numerique.png\"\/><\/div>\n<div class=\"mvp-related-posts left relative\">\n<h4 class=\"post-header\"><span class=\"post-header\">Lire aussi<\/span><\/h4>\n<\/div>\n<div id=\"article-ad\"><ins class=\"adsbygoogle c5\" data-ad-client=\"ca-pub-2102118777505746\" data-ad-slot=\"6513972734\" data-ad-format=\"auto\" data-full-width-responsive=\"true\"\/> <\/div>\n<\/div>\n<div id=\"post-sidebar-wrap\"><ins class=\"adsbygoogle c5\" data-ad-client=\"ca-pub-2102118777505746\" data-ad-slot=\"6168283410\" data-ad-format=\"auto\" data-full-width-responsive=\"true\"\/> <\/div>\n<p>Auteur: Saber .<br \/>\n<a href=\"https:\/\/www.tunisienumerique.com\/tunisie-vaccin-anti-covid-quel-sort-pour-les-refugies-et-les-personnes-en-situation-irreguliere\/\">Cliquez ici pour lire l&rsquo;article depuis sa source.<\/a><\/p>\n","protected":false},"excerpt":{"rendered":"<p>Par Saber . \u00a0| Il y a 1 heure \ud83d\udd0a \u00c9coutez l&rsquo;article La Tunisie peine, gr\u00e2ce \u00e0 la comp\u00e9tence hors pair de son ministre de la sant\u00e9, \u00e0 ramener les doses de vaccin n\u00e9cessaires pour atteindre l\u2019immunit\u00e9 g\u00e9n\u00e9rale de la population, seule conditions pour pouvoir arr\u00eater l\u2019\u00e9pid\u00e9mie dans le pays, et permettre une reprise de [&hellip;]<\/p>\n","protected":false},"author":1789,"featured_media":0,"comment_status":"closed","ping_status":"closed","sticky":false,"template":"","format":"standard","meta":{"fifu_image_url":"https:\/\/secure.gravatar.com\/avatar\/96253f4a657b482a18e837c1252096c2?s=50&d=mm&r=g","fifu_image_alt":"Tunisie \u2013 Vaccin anti covid\u00a0: quel sort pour les r\u00e9fugi\u00e9s et les personnes en situation irr\u00e9guli\u00e8re\u00a0?","footnotes":""},"categories":[73,55],"tags":[],"class_list":["post-110613","post","type-post","status-publish","format-standard","hentry","category-actualite","category-tunisie"],"_links":{"self":[{"href":"https:\/\/linitiative.ca\/International\/wp-json\/wp\/v2\/posts\/110613","targetHints":{"allow":["GET"]}}],"collection":[{"href":"https:\/\/linitiative.ca\/International\/wp-json\/wp\/v2\/posts"}],"about":[{"href":"https:\/\/linitiative.ca\/International\/wp-json\/wp\/v2\/types\/post"}],"author":[{"embeddable":true,"href":"https:\/\/linitiative.ca\/International\/wp-json\/wp\/v2\/users\/1789"}],"replies":[{"embeddable":true,"href":"https:\/\/linitiative.ca\/International\/wp-json\/wp\/v2\/comments?post=110613"}],"version-history":[{"count":0,"href":"https:\/\/linitiative.ca\/International\/wp-json\/wp\/v2\/posts\/110613\/revisions"}],"wp:attachment":[{"href":"https:\/\/linitiative.ca\/International\/wp-json\/wp\/v2\/media?parent=110613"}],"wp:term":[{"taxonomy":"category","embeddable":true,"href":"https:\/\/linitiative.ca\/International\/wp-json\/wp\/v2\/categories?post=110613"},{"taxonomy":"post_tag","embeddable":true,"href":"https:\/\/linitiative.ca\/International\/wp-json\/wp\/v2\/tags?post=110613"}],"curies":[{"name":"wp","href":"https:\/\/api.w.org\/{rel}","templated":true}]}}