{"id":110614,"date":"2021-02-04T16:28:03","date_gmt":"2021-02-04T21:28:03","guid":{"rendered":"https:\/\/linitiative.ca\/International\/tunisie-que-voulait-dire-kais-saied-et-a-qui-en-recevant-le-president-de-la-cour-des-comptes\/"},"modified":"2021-02-04T16:28:03","modified_gmt":"2021-02-04T21:28:03","slug":"tunisie-que-voulait-dire-kais-saied-et-a-qui-en-recevant-le-president-de-la-cour-des-comptes","status":"publish","type":"post","link":"https:\/\/linitiative.ca\/International\/tunisie-que-voulait-dire-kais-saied-et-a-qui-en-recevant-le-president-de-la-cour-des-comptes\/","title":{"rendered":"Tunisie \u2013 Que voulait dire Ka\u00efs Sa\u00efed, et \u00e0 qui, en recevant le pr\u00e9sident de la cour des comptes ?"},"content":{"rendered":"<div class=\"post-cont-in left relative\">\n<div id=\"post-info-wrap\" class=\"left relative post-info-out\">\n<div class=\"post-info-img left relative\"><img loading=\"lazy\" decoding=\"async\" alt=\"\" src=\"https:\/\/secure.gravatar.com\/avatar\/9f10b5e5a102bf8cc0ebfb84f5ab5652?s=50&amp;d=mm&amp;r=g\" srcset=\"https:\/\/secure.gravatar.com\/avatar\/9f10b5e5a102bf8cc0ebfb84f5ab5652?s=100&amp;d=mm&amp;r=g 2x\" class=\"avatar avatar-50 photo\" height=\"50\" width=\"50\"\/><\/div>\n<div class=\"post-info-in\">\n<div class=\"post-info-right left relative post-info-name left relative\"><span><span class=\"post-info-text\">Par<\/span> <span class=\"author-name vcard fn author\"><a href=\"https:\/\/www.tunisienumerique.com\/author\/ramsis\/\" title=\"Articles par Ramsis\" rel=\"author\">Ramsis<\/a><\/span><\/span> <span class=\"post-date updated\"><time class=\"post-date updated\" datetime=\"2021-02-04\">\u00a0| Il y a 1 minute<\/time><\/span><\/div>\n<div class=\"left relative\"><button id=\"listenButton1\" class=\"responsivevoice-button\" type=\"button\" value=\"Play\" title=\"&#xC9;coutez l'article\"><span>\ud83d\udd0a \u00c9coutez l&rsquo;article<\/span><\/button> <\/div>\n<\/div>\n<\/div>\n<p>Le pr\u00e9sident de la R\u00e9publique a re\u00e7u, ce jeudi, en pleins tumultes et en pleine crise politique, le pr\u00e9sident de la cour des comptes. En plus du fait qu\u2019il ait re\u00e7u de lui, le rapport annuel de la cour, ceux qui ont appris \u00e0 connaitre un tant soit peu, le chef de l\u2019Etat, savent que cet entretien \u00e9tait un clin d\u2019\u0153il. Un clin d\u2019\u0153il \u00e0 qui, et qui voulait dire quoi\u00a0? L\u00e0 c\u2019est une autre paire de manche.<\/p>\n<div class=\"code-block code-block-1 c4\"><ins class=\"adsbygoogle c3\" data-ad-layout=\"in-article\" data-ad-format=\"fluid\" data-ad-client=\"ca-pub-2102118777505746\" data-ad-slot=\"7301775417\"\/> <\/div>\n<p>Car avec Ka\u00efs Sa\u00efed, il faut \u00eatre au fait de tout ce qui se passe et ce qui s\u2019est pass\u00e9, les derni\u00e8res semaines, pour pouvoir esp\u00e9rer comprendre, vaguement, le sens de ses \u00ab\u00a0insinuations\u00a0\u00bb. Mais une fois n\u2019est pas coutume, cette fois-ci, l\u2019entretien avec le pr\u00e9sident de la cour des comptes a eu le m\u00e9rite d\u2019\u00eatre clair, et les destinataires en ont accus\u00e9 r\u00e9ception de fa\u00e7on instantan\u00e9e.<\/p>\n<p>En effet, ceux qui suivent de plus ou moins pr\u00e8s l\u2019actu en Tunisie, doivent savoir que la cour des comptes a d\u00e9fray\u00e9 la chronique, il y a quelques semaines, en annon\u00e7ant le r\u00e9sultat des ses travaux concernant les d\u00e9passements et infractions commises par les diff\u00e9rents partis politiques et diff\u00e9rentes personnalit\u00e9s, lors des derni\u00e8res \u00e9lections.<\/p>\n<p>Ce rapport a, alors, f\u00e2ch\u00e9 la plupart des partis en laissant entendre qu\u2019un grand nombre de leurs listes \u00e9lectorales sont ill\u00e9gales et que, par cons\u00e9quent, leurs \u00e9lus pourraient, par la force de la loi, \u00eatre, non seulement, r\u00e9voqu\u00e9s, mais, aussi, jug\u00e9s pour ces d\u00e9passements.<\/p>\n<p>Voil\u00e0, donc, le lourd dossier que fait miroiter Ka\u00efs Sa\u00efed aux partis politiques, et voil\u00e0, tr\u00e8s probablement, l\u2019arme avec laquelle il va r\u00e9gler ses coptes avec eux et leurs directions\u00a0!<\/p>\n<div class=\"swp_social_panel swp_horizontal_panel swp_flat_fresh swp_default_full_color swp_individual_full_color swp_other_full_color scale-100 scale-\" data-min-width=\"1100\" data-float-color=\"#ffffff\" data-float=\"bottom\" data-float-mobile=\"bottom\" data-transition=\"slide\">\n<div class=\"nc_tweetContainer swp_share_button total_shares total_sharesalt\"><span class=\"swp_count\">0 <span class=\"swp_label\">Partages<\/span><\/span><\/div>\n<\/div>\n<p><strong>Que se passe-t-il en Tunisie?<\/strong><br \/>Nous expliquons sur notre <a href=\"https:\/\/www.youtube.com\/channel\/UCRzypVq0B_yBad5eGrwBx0Q?sub_confirmation=1\" target=\"_blank\" rel=\"noopener\">cha\u00eene YouTube<\/a> . <a href=\"https:\/\/www.youtube.com\/channel\/UCRzypVq0B_yBad5eGrwBx0Q?sub_confirmation=1\" target=\"_blank\" rel=\"noopener\">Abonnez-vous!<\/a><\/p>\n<div class=\"mvp-org-wrap mvp-org-logo\" itemprop=\"publisher\"><img decoding=\"async\" src=\"https:\/\/www.tunisienumerique.com\/wp-content\/uploads\/2017\/02\/logo_tunisie_numerique.png\"\/><\/div>\n<div class=\"mvp-related-posts left relative\">\n<h4 class=\"post-header\"><span class=\"post-header\">Lire aussi<\/span><\/h4>\n<\/div>\n<div id=\"article-ad\"><ins class=\"adsbygoogle c5\" data-ad-client=\"ca-pub-2102118777505746\" data-ad-slot=\"6513972734\" data-ad-format=\"auto\" data-full-width-responsive=\"true\"\/> <\/div>\n<\/div>\n<div id=\"post-sidebar-wrap\"><ins class=\"adsbygoogle c5\" data-ad-client=\"ca-pub-2102118777505746\" data-ad-slot=\"6168283410\" data-ad-format=\"auto\" data-full-width-responsive=\"true\"\/> <\/div>\n<p>Auteur: Ramsis<br \/>\n<a href=\"https:\/\/www.tunisienumerique.com\/tunisie-que-voulait-dire-kais-saied-et-a-qui-en-recevant-le-president-de-la-cour-des-comptes\/\">Cliquez ici pour lire l&rsquo;article depuis sa source.<\/a><\/p>\n","protected":false},"excerpt":{"rendered":"<p>Par Ramsis \u00a0| Il y a 1 minute \ud83d\udd0a \u00c9coutez l&rsquo;article Le pr\u00e9sident de la R\u00e9publique a re\u00e7u, ce jeudi, en pleins tumultes et en pleine crise politique, le pr\u00e9sident de la cour des comptes. En plus du fait qu\u2019il ait re\u00e7u de lui, le rapport annuel de la cour, ceux qui ont appris \u00e0 [&hellip;]<\/p>\n","protected":false},"author":1789,"featured_media":0,"comment_status":"closed","ping_status":"closed","sticky":false,"template":"","format":"standard","meta":{"fifu_image_url":"https:\/\/secure.gravatar.com\/avatar\/9f10b5e5a102bf8cc0ebfb84f5ab5652?s=50&d=mm&r=g","fifu_image_alt":"Tunisie \u2013 Que voulait dire Ka\u00efs Sa\u00efed, et \u00e0 qui, en recevant le pr\u00e9sident de la cour des comptes ?","footnotes":""},"categories":[73,55],"tags":[],"class_list":["post-110614","post","type-post","status-publish","format-standard","hentry","category-actualite","category-tunisie"],"_links":{"self":[{"href":"https:\/\/linitiative.ca\/International\/wp-json\/wp\/v2\/posts\/110614","targetHints":{"allow":["GET"]}}],"collection":[{"href":"https:\/\/linitiative.ca\/International\/wp-json\/wp\/v2\/posts"}],"about":[{"href":"https:\/\/linitiative.ca\/International\/wp-json\/wp\/v2\/types\/post"}],"author":[{"embeddable":true,"href":"https:\/\/linitiative.ca\/International\/wp-json\/wp\/v2\/users\/1789"}],"replies":[{"embeddable":true,"href":"https:\/\/linitiative.ca\/International\/wp-json\/wp\/v2\/comments?post=110614"}],"version-history":[{"count":0,"href":"https:\/\/linitiative.ca\/International\/wp-json\/wp\/v2\/posts\/110614\/revisions"}],"wp:attachment":[{"href":"https:\/\/linitiative.ca\/International\/wp-json\/wp\/v2\/media?parent=110614"}],"wp:term":[{"taxonomy":"category","embeddable":true,"href":"https:\/\/linitiative.ca\/International\/wp-json\/wp\/v2\/categories?post=110614"},{"taxonomy":"post_tag","embeddable":true,"href":"https:\/\/linitiative.ca\/International\/wp-json\/wp\/v2\/tags?post=110614"}],"curies":[{"name":"wp","href":"https:\/\/api.w.org\/{rel}","templated":true}]}}