{"id":110616,"date":"2021-02-04T16:44:16","date_gmt":"2021-02-04T21:44:16","guid":{"rendered":"https:\/\/linitiative.ca\/International\/tunisie-quels-sont-les-responsables-poursuivis-en-justice-pour-la-mauvaise-gestion-de-la-pandemie\/"},"modified":"2021-02-04T16:44:16","modified_gmt":"2021-02-04T21:44:16","slug":"tunisie-quels-sont-les-responsables-poursuivis-en-justice-pour-la-mauvaise-gestion-de-la-pandemie","status":"publish","type":"post","link":"https:\/\/linitiative.ca\/International\/tunisie-quels-sont-les-responsables-poursuivis-en-justice-pour-la-mauvaise-gestion-de-la-pandemie\/","title":{"rendered":"Tunisie \u2013 Quels sont les responsables poursuivis en justice pour la mauvaise gestion de la pand\u00e9mie\u00a0?"},"content":{"rendered":"<div class=\"post-cont-in left relative\">\n<div id=\"post-info-wrap\" class=\"left relative post-info-out\">\n<div class=\"post-info-img left relative\"><img loading=\"lazy\" decoding=\"async\" alt=\"\" src=\"https:\/\/secure.gravatar.com\/avatar\/047123be9d5e8513774383916ee72db2?s=50&amp;d=mm&amp;r=g\" srcset=\"https:\/\/secure.gravatar.com\/avatar\/047123be9d5e8513774383916ee72db2?s=100&amp;d=mm&amp;r=g 2x\" class=\"avatar avatar-50 photo\" height=\"50\" width=\"50\"\/><\/div>\n<div class=\"post-info-in\">\n<div class=\"post-info-right left relative post-info-name left relative\"><span><span class=\"post-info-text\">Par<\/span> <span class=\"author-name vcard fn author\"><a href=\"https:\/\/www.tunisienumerique.com\/author\/lm\/\" title=\"Articles par LM\" rel=\"author\">LM<\/a><\/span><\/span> <span class=\"post-date updated\"><time class=\"post-date updated\" datetime=\"2021-02-04\">\u00a0| Il y a 36 secondes<\/time><\/span><\/div>\n<div class=\"left relative\"><button id=\"listenButton1\" class=\"responsivevoice-button\" type=\"button\" value=\"Play\" title=\"&#xC9;coutez l'article\"><span>\ud83d\udd0a \u00c9coutez l&rsquo;article<\/span><\/button> <\/div>\n<\/div>\n<\/div>\n<p>Le m\u00e9decin controvers\u00e9, Zakaria Bouguira, a publi\u00e9, hier, sur sa page facebook, qu\u2019il a re\u00e7u la confirmation de l\u2019ouverture, par le parquet de Tunis, d\u2019une instruction judiciaire, suite \u00e0 sa plainte, pour insuffisances et d\u00e9faillances graves dans la gestion de la crise du covid, ayant entrain\u00e9 l\u2019infection et la mort d\u2019un grand nombre de citoyens tunisiens.<\/p>\n<div class=\"code-block code-block-1 c4\"><ins class=\"adsbygoogle c3\" data-ad-layout=\"in-article\" data-ad-format=\"fluid\" data-ad-client=\"ca-pub-2102118777505746\" data-ad-slot=\"7301775417\"\/> <\/div>\n<p>Bouguira a publi\u00e9 avec ce post, une copie de la plainte paraph\u00e9e par le parquet, qui comporte la liste des noms des responsables qui seront poursuivis par ces griefs, et qui sont\u00a0:<\/p>\n<ul>\n<li>L\u2019ex-chef du gouvernement Elyes Fakhfakh<\/li>\n<li>L\u2019ex-ministre de la sant\u00e9 Abdellatif Mekki<\/li>\n<li>La directrice g\u00e9n\u00e9rale de l\u2019observatoire des maladies \u00e9mergentes Nissaf Ben Alaya<\/li>\n<\/ul>\n<p>Ainsi que tous ceux que r\u00e9v\u00e8lera l\u2019enqu\u00eate.<\/p>\n<p><a href=\"https:\/\/www.tunisienumerique.com\/tunisie-quels-sont-les-responsables-poursuivis-en-justice-pour-la-mauvaise-gestion-de-la-pandemie\/plainte-2\/\" rel=\"attachment wp-att-624200\"><img loading=\"lazy\" decoding=\"async\" class=\"aligncenter size-full wp-image-624200\" src=\"https:\/\/www.tunisienumerique.com\/wp-content\/uploads\/2021\/02\/plainte.jpg\" alt=\"\" width=\"600\" height=\"800\"\/><\/a><\/p>\n<div class=\"swp_social_panel swp_horizontal_panel swp_flat_fresh swp_default_full_color swp_individual_full_color swp_other_full_color scale-100 scale-\" data-min-width=\"1100\" data-float-color=\"#ffffff\" data-float=\"bottom\" data-float-mobile=\"bottom\" data-transition=\"slide\">\n<div class=\"nc_tweetContainer swp_share_button total_shares total_sharesalt\"><span class=\"swp_count\">0 <span class=\"swp_label\">Partages<\/span><\/span><\/div>\n<\/div>\n<p><strong>Que se passe-t-il en Tunisie?<\/strong><br \/>Nous expliquons sur notre <a href=\"https:\/\/www.youtube.com\/channel\/UCRzypVq0B_yBad5eGrwBx0Q?sub_confirmation=1\" target=\"_blank\" rel=\"noopener\">cha\u00eene YouTube<\/a> . <a href=\"https:\/\/www.youtube.com\/channel\/UCRzypVq0B_yBad5eGrwBx0Q?sub_confirmation=1\" target=\"_blank\" rel=\"noopener\">Abonnez-vous!<\/a><\/p>\n<div class=\"mvp-org-wrap mvp-org-logo\" itemprop=\"publisher\"><img decoding=\"async\" src=\"https:\/\/www.tunisienumerique.com\/wp-content\/uploads\/2017\/02\/logo_tunisie_numerique.png\"\/><\/div>\n<div class=\"mvp-related-posts left relative\">\n<h4 class=\"post-header\"><span class=\"post-header\">Lire aussi<\/span><\/h4>\n<\/div>\n<div id=\"article-ad\"><ins class=\"adsbygoogle c5\" data-ad-client=\"ca-pub-2102118777505746\" data-ad-slot=\"6513972734\" data-ad-format=\"auto\" data-full-width-responsive=\"true\"\/> <\/div>\n<\/div>\n<div id=\"post-sidebar-wrap\"><ins class=\"adsbygoogle c5\" data-ad-client=\"ca-pub-2102118777505746\" data-ad-slot=\"6168283410\" data-ad-format=\"auto\" data-full-width-responsive=\"true\"\/> <\/div>\n<p>Auteur: LM<br \/>\n<a href=\"https:\/\/www.tunisienumerique.com\/tunisie-quels-sont-les-responsables-poursuivis-en-justice-pour-la-mauvaise-gestion-de-la-pandemie\/\">Cliquez ici pour lire l&rsquo;article depuis sa source.<\/a><\/p>\n","protected":false},"excerpt":{"rendered":"<p>Par LM \u00a0| Il y a 36 secondes \ud83d\udd0a \u00c9coutez l&rsquo;article Le m\u00e9decin controvers\u00e9, Zakaria Bouguira, a publi\u00e9, hier, sur sa page facebook, qu\u2019il a re\u00e7u la confirmation de l\u2019ouverture, par le parquet de Tunis, d\u2019une instruction judiciaire, suite \u00e0 sa plainte, pour insuffisances et d\u00e9faillances graves dans la gestion de la crise du covid, [&hellip;]<\/p>\n","protected":false},"author":1789,"featured_media":0,"comment_status":"closed","ping_status":"closed","sticky":false,"template":"","format":"standard","meta":{"fifu_image_url":"https:\/\/secure.gravatar.com\/avatar\/047123be9d5e8513774383916ee72db2?s=50&d=mm&r=g","fifu_image_alt":"Tunisie \u2013 Quels sont les responsables poursuivis en justice pour la mauvaise gestion de la pand\u00e9mie\u00a0?","footnotes":""},"categories":[73,55],"tags":[],"class_list":["post-110616","post","type-post","status-publish","format-standard","hentry","category-actualite","category-tunisie"],"_links":{"self":[{"href":"https:\/\/linitiative.ca\/International\/wp-json\/wp\/v2\/posts\/110616","targetHints":{"allow":["GET"]}}],"collection":[{"href":"https:\/\/linitiative.ca\/International\/wp-json\/wp\/v2\/posts"}],"about":[{"href":"https:\/\/linitiative.ca\/International\/wp-json\/wp\/v2\/types\/post"}],"author":[{"embeddable":true,"href":"https:\/\/linitiative.ca\/International\/wp-json\/wp\/v2\/users\/1789"}],"replies":[{"embeddable":true,"href":"https:\/\/linitiative.ca\/International\/wp-json\/wp\/v2\/comments?post=110616"}],"version-history":[{"count":0,"href":"https:\/\/linitiative.ca\/International\/wp-json\/wp\/v2\/posts\/110616\/revisions"}],"wp:attachment":[{"href":"https:\/\/linitiative.ca\/International\/wp-json\/wp\/v2\/media?parent=110616"}],"wp:term":[{"taxonomy":"category","embeddable":true,"href":"https:\/\/linitiative.ca\/International\/wp-json\/wp\/v2\/categories?post=110616"},{"taxonomy":"post_tag","embeddable":true,"href":"https:\/\/linitiative.ca\/International\/wp-json\/wp\/v2\/tags?post=110616"}],"curies":[{"name":"wp","href":"https:\/\/api.w.org\/{rel}","templated":true}]}}