{"id":110617,"date":"2021-02-04T17:13:53","date_gmt":"2021-02-04T22:13:53","guid":{"rendered":"https:\/\/linitiative.ca\/International\/tataouine-photos-lancement-des-travaux-du-projet-dexploitation-du-sable-pour-lindustrie-du-verre\/"},"modified":"2021-02-04T17:13:53","modified_gmt":"2021-02-04T22:13:53","slug":"tataouine-photos-lancement-des-travaux-du-projet-dexploitation-du-sable-pour-lindustrie-du-verre","status":"publish","type":"post","link":"https:\/\/linitiative.ca\/International\/tataouine-photos-lancement-des-travaux-du-projet-dexploitation-du-sable-pour-lindustrie-du-verre\/","title":{"rendered":"Tataouine [PHOTOS]: Lancement des travaux du projet d\u2019exploitation du sable pour l\u2019industrie du verre"},"content":{"rendered":"<div class=\"post-cont-in left relative\">\n<div id=\"post-info-wrap\" class=\"left relative post-info-out\">\n<div class=\"post-info-img left relative\"><img loading=\"lazy\" decoding=\"async\" alt=\"\" src=\"https:\/\/secure.gravatar.com\/avatar\/ea481d7287ad38ca1787f44b5bb1b70e?s=50&amp;d=mm&amp;r=g\" srcset=\"https:\/\/secure.gravatar.com\/avatar\/ea481d7287ad38ca1787f44b5bb1b70e?s=100&amp;d=mm&amp;r=g 2x\" class=\"avatar avatar-50 photo\" height=\"50\" width=\"50\"\/><\/div>\n<div class=\"post-info-in\">\n<div class=\"post-info-right left relative post-info-name left relative\"><span><span class=\"post-info-text\">Par<\/span> <span class=\"author-name vcard fn author\"><a href=\"https:\/\/www.tunisienumerique.com\/author\/rania-ben-slimane\/\" title=\"Articles par rania ben slimane\" rel=\"author\">rania ben slimane<\/a><\/span><\/span> <span class=\"post-date updated\"><time class=\"post-date updated\" datetime=\"2021-02-04\">\u00a0| Il y a 12 secondes<\/time><\/span><\/div>\n<div class=\"left relative\"><button id=\"listenButton1\" class=\"responsivevoice-button\" type=\"button\" value=\"Play\" title=\"&#xC9;coutez l'article\"><span>\ud83d\udd0a \u00c9coutez l&rsquo;article<\/span><\/button> <\/div>\n<\/div>\n<\/div>\n<p>Les travaux du projet d\u2019exploitation du sable pour l\u2019industrie du verre ont r\u00e9cemment d\u00e9marr\u00e9 dans le secteur de Ksar Nekrif du gouvernorat de Tataouine.<\/p>\n<div class=\"code-block code-block-1 c4\"><ins class=\"adsbygoogle c3\" data-ad-layout=\"in-article\" data-ad-format=\"fluid\" data-ad-client=\"ca-pub-2102118777505746\" data-ad-slot=\"7301775417\"\/> <\/div>\n<p>Il est pr\u00e9vu que le projet de valorisation du mat\u00e9riau \u00absilice\u00bb stimule dans une premi\u00e8re \u00e9tape, le dynamisme \u00e9conomique dans la r\u00e9gion, en plus des postes d\u2019emploi qu\u2019il fournira au profit des habitants de la r\u00e9gion.<\/p>\n<p>Le co\u00fbt total de l\u2019investissement, une fois toutes les composantes du projet achev\u00e9es, est estim\u00e9 \u00e0 14 millions de dinars.<\/p>\n<p>Ce projet fait partie, en effet, des premi\u00e8res initiatives visant \u00e0 valoriser les mat\u00e9riaux de construction de la r\u00e9gion.<\/p>\n<p><img loading=\"lazy\" decoding=\"async\" class=\"wp-image-624206 alignleft\" src=\"https:\/\/www.tunisienumerique.com\/wp-content\/uploads\/2021\/02\/projet-exploitation-du-sable-tataouine3.jpg\" alt=\"\" width=\"437\" height=\"273\" srcset=\"https:\/\/www.tunisienumerique.com\/wp-content\/uploads\/2021\/02\/projet-exploitation-du-sable-tataouine3.jpg 960w, https:\/\/www.tunisienumerique.com\/wp-content\/uploads\/2021\/02\/projet-exploitation-du-sable-tataouine3-768x480.jpg 768w, https:\/\/www.tunisienumerique.com\/wp-content\/uploads\/2021\/02\/projet-exploitation-du-sable-tataouine3-600x375.jpg 600w\" sizes=\"auto, (max-width: 437px) 100vw, 437px\"\/><img loading=\"lazy\" decoding=\"async\" class=\"alignnone wp-image-624207\" src=\"https:\/\/www.tunisienumerique.com\/wp-content\/uploads\/2021\/02\/projet-exploitation-du-sable-tataouine2.jpg\" alt=\"\" width=\"367\" height=\"306\" srcset=\"https:\/\/www.tunisienumerique.com\/wp-content\/uploads\/2021\/02\/projet-exploitation-du-sable-tataouine2.jpg 720w, https:\/\/www.tunisienumerique.com\/wp-content\/uploads\/2021\/02\/projet-exploitation-du-sable-tataouine2-80x68.jpg 80w, https:\/\/www.tunisienumerique.com\/wp-content\/uploads\/2021\/02\/projet-exploitation-du-sable-tataouine2-600x500.jpg 600w\" sizes=\"auto, (max-width: 367px) 100vw, 367px\"\/><img loading=\"lazy\" decoding=\"async\" class=\"wp-image-624208 aligncenter\" src=\"https:\/\/www.tunisienumerique.com\/wp-content\/uploads\/2021\/02\/projet-exploitation-du-sable-tataouine1.jpg\" alt=\"\" width=\"829\" height=\"609\" srcset=\"https:\/\/www.tunisienumerique.com\/wp-content\/uploads\/2021\/02\/projet-exploitation-du-sable-tataouine1.jpg 816w, https:\/\/www.tunisienumerique.com\/wp-content\/uploads\/2021\/02\/projet-exploitation-du-sable-tataouine1-768x565.jpg 768w, https:\/\/www.tunisienumerique.com\/wp-content\/uploads\/2021\/02\/projet-exploitation-du-sable-tataouine1-600x441.jpg 600w\" sizes=\"auto, (max-width: 829px) 100vw, 829px\"\/><\/p>\n<div class=\"swp_social_panel swp_horizontal_panel swp_flat_fresh swp_default_full_color swp_individual_full_color swp_other_full_color scale-100 scale-\" data-min-width=\"1100\" data-float-color=\"#ffffff\" data-float=\"bottom\" data-float-mobile=\"bottom\" data-transition=\"slide\">\n<div class=\"nc_tweetContainer swp_share_button total_shares total_sharesalt\"><span class=\"swp_count\">0 <span class=\"swp_label\">Partages<\/span><\/span><\/div>\n<\/div>\n<p><strong>Que se passe-t-il en Tunisie?<\/strong><br \/>Nous expliquons sur notre <a href=\"https:\/\/www.youtube.com\/channel\/UCRzypVq0B_yBad5eGrwBx0Q?sub_confirmation=1\" target=\"_blank\" rel=\"noopener\">cha\u00eene YouTube<\/a> . <a href=\"https:\/\/www.youtube.com\/channel\/UCRzypVq0B_yBad5eGrwBx0Q?sub_confirmation=1\" target=\"_blank\" rel=\"noopener\">Abonnez-vous!<\/a><\/p>\n<div class=\"mvp-org-wrap mvp-org-logo\" itemprop=\"publisher\"><img decoding=\"async\" src=\"https:\/\/www.tunisienumerique.com\/wp-content\/uploads\/2017\/02\/logo_tunisie_numerique.png\"\/><\/div>\n<div class=\"mvp-related-posts left relative\">\n<h4 class=\"post-header\"><span class=\"post-header\">Lire aussi<\/span><\/h4>\n<\/div>\n<div id=\"article-ad\"><ins class=\"adsbygoogle c5\" data-ad-client=\"ca-pub-2102118777505746\" data-ad-slot=\"6513972734\" data-ad-format=\"auto\" data-full-width-responsive=\"true\"\/> <\/div>\n<\/div>\n<div id=\"post-sidebar-wrap\"><ins class=\"adsbygoogle c5\" data-ad-client=\"ca-pub-2102118777505746\" data-ad-slot=\"6168283410\" data-ad-format=\"auto\" data-full-width-responsive=\"true\"\/> <\/div>\n<p>Auteur: rania ben slimane<br \/>\n<a href=\"https:\/\/www.tunisienumerique.com\/tataouine-photos-lancement-des-travaux-du-projet-dexploitation-du-sable-pour-lindustrie-du-verre\/\">Cliquez ici pour lire l&rsquo;article depuis sa source.<\/a><\/p>\n","protected":false},"excerpt":{"rendered":"<p>Par rania ben slimane \u00a0| Il y a 12 secondes \ud83d\udd0a \u00c9coutez l&rsquo;article Les travaux du projet d\u2019exploitation du sable pour l\u2019industrie du verre ont r\u00e9cemment d\u00e9marr\u00e9 dans le secteur de Ksar Nekrif du gouvernorat de Tataouine. Il est pr\u00e9vu que le projet de valorisation du mat\u00e9riau \u00absilice\u00bb stimule dans une premi\u00e8re \u00e9tape, le dynamisme [&hellip;]<\/p>\n","protected":false},"author":1789,"featured_media":0,"comment_status":"closed","ping_status":"closed","sticky":false,"template":"","format":"standard","meta":{"fifu_image_url":"https:\/\/secure.gravatar.com\/avatar\/ea481d7287ad38ca1787f44b5bb1b70e?s=50&d=mm&r=g","fifu_image_alt":"Tataouine [PHOTOS]: Lancement des travaux du projet d\u2019exploitation du sable pour l\u2019industrie du verre","footnotes":""},"categories":[73,55],"tags":[],"class_list":["post-110617","post","type-post","status-publish","format-standard","hentry","category-actualite","category-tunisie"],"_links":{"self":[{"href":"https:\/\/linitiative.ca\/International\/wp-json\/wp\/v2\/posts\/110617","targetHints":{"allow":["GET"]}}],"collection":[{"href":"https:\/\/linitiative.ca\/International\/wp-json\/wp\/v2\/posts"}],"about":[{"href":"https:\/\/linitiative.ca\/International\/wp-json\/wp\/v2\/types\/post"}],"author":[{"embeddable":true,"href":"https:\/\/linitiative.ca\/International\/wp-json\/wp\/v2\/users\/1789"}],"replies":[{"embeddable":true,"href":"https:\/\/linitiative.ca\/International\/wp-json\/wp\/v2\/comments?post=110617"}],"version-history":[{"count":0,"href":"https:\/\/linitiative.ca\/International\/wp-json\/wp\/v2\/posts\/110617\/revisions"}],"wp:attachment":[{"href":"https:\/\/linitiative.ca\/International\/wp-json\/wp\/v2\/media?parent=110617"}],"wp:term":[{"taxonomy":"category","embeddable":true,"href":"https:\/\/linitiative.ca\/International\/wp-json\/wp\/v2\/categories?post=110617"},{"taxonomy":"post_tag","embeddable":true,"href":"https:\/\/linitiative.ca\/International\/wp-json\/wp\/v2\/tags?post=110617"}],"curies":[{"name":"wp","href":"https:\/\/api.w.org\/{rel}","templated":true}]}}