{"id":110618,"date":"2021-02-04T14:08:47","date_gmt":"2021-02-04T19:08:47","guid":{"rendered":"https:\/\/linitiative.ca\/International\/report-du-fespaco\/"},"modified":"2021-02-04T14:08:47","modified_gmt":"2021-02-04T19:08:47","slug":"report-du-fespaco","status":"publish","type":"post","link":"https:\/\/linitiative.ca\/International\/report-du-fespaco\/","title":{"rendered":"REPORT DU FESPACO"},"content":{"rendered":"<p class=\"c4\"><em>Le Conseil des ministres, en sa s\u00e9ance du 29 janvier dernier, a d\u00e9cid\u00e9, coronavirus oblige, de reporter la 27<sup>e<\/sup> \u00e9dition du Festival panafricain du cin\u00e9ma et de la t\u00e9l\u00e9vision de Ouagadougou (FESPACO) \u00e0 une date ult\u00e9rieure. S\u2019il est vrai que cette d\u00e9cision n\u2019a pas surpris grand monde, il reste entendu qu\u2019elle aura de graves r\u00e9percussions sur certains secteurs comme le tourisme, l\u2019h\u00f4tellerie, etc. Ce n\u2019est pas moi qui le dis. Les acteurs de ces domaines eux-m\u00eames ne cachent pas leurs inqui\u00e9tudes, tant depuis l\u2019av\u00e8nement de la pand\u00e9mie, ils ont vu leurs chiffres d\u2019affaires prendre un s\u00e9rieux coup. En fait, beaucoup de pays ont ferm\u00e9 leurs fronti\u00e8res et les avions sont longtemps rest\u00e9s clou\u00e9s au sol tant et si bien qu\u2019il n\u2019y avait plus de voyages, d\u2019une contr\u00e9e \u00e0 une autre. Chacun de nous peut imaginer les cons\u00e9quences qui peuvent en d\u00e9couler pour les secteurs de l\u2019h\u00f4tellerie et du tourisme dont je parlais plus haut. Cela dit, le report du FESPACO, quoique pr\u00e9visible, ne pouvait pas \u00eatre bien accueilli par les acteurs de ces secteurs sus-cit\u00e9s. Ce d\u2019autant qu\u2019avant la biennale du cin\u00e9ma, le Salon international de l\u2019artisanat de Ouagadougou (SIAO) et la Semaine nationale de la culture (SNC) ont connu le m\u00eame sort. Pr\u00e9vus pour se tenir en 2020, ces deux \u00e9v\u00e9nements qui drainent du monde dans notre pays, ont \u00e9t\u00e9 aussi ajourn\u00e9s pour cause de pand\u00e9mie du Covid-19. Cela n\u2019est pas propre au Burkina. Loin s\u2019en faut. Car, d\u2019autres pays ont d\u00fb aussi annuler certains \u00e9v\u00e9nements d\u2019envergure et ce, pour les m\u00eames raisons. Les autorit\u00e9s burkinab\u00e8 ne pouvaient donc pas faire autrement. Surtout que ces derniers temps, il est de plus en plus question de l\u2019av\u00e8nement de nouveaux variants qu\u2019on dit plus mortels, dans notre pays.<\/em><\/p>\n<p class=\"c4\"><em>\u00a0<\/em><\/p>\n<p class=\"c4\"><em>\u00a0<\/em><\/p>\n<p class=\"c6\"><strong><em>Je profite de l\u2019occasion pour appeler mes compatriotes \u00e0 la vigilance<\/em><\/strong><\/p>\n<p class=\"c4\"><em>\u00a0<\/em><\/p>\n<p class=\"c4\"><em>\u00a0<\/em><\/p>\n<p class=\"c4\"><em>L\u2019Institut national de sant\u00e9 publique (INSP) du Burkina qui en a fait l\u2019annonce en fin de semaine derni\u00e8re, parle de trois variants (sud-africain, britannique et japonais) qui s\u00e9vissent rigoureusement dans notre pays. C\u2019est pourquoi je profite, une fois de plus, de l\u2019occasion pour appeler mes compatriotes \u00e0 la vigilance. Car, j\u2019ai l\u2019impression qu\u2019ils veulent d\u2019une chose et de son contraire. En effet, je constate qu\u2019en m\u00eame temps qu\u2019ils refusent de respecter les mesures-barri\u00e8res, ils veulent de la fin, comme par enchantement, du Covid-19. Et pire, ils font grise mine quand ils entendent parler du report de certains grands \u00e9v\u00e9nements comme le FESPACO, le SIAO, la SNC, etc. Voyez-vous\u00a0? Montrons-nous plus responsables\u00a0! Car, ce n\u2019est pas en jouant au \u00ab\u00a0je m\u2019en foutisme\u00a0\u00bb que l\u2019on contribuera \u00e0 \u00e9radiquer le coronavirus. Bien au contraire, on s\u2019expose et on expose les autres \u00e0 des risques de contamination. Mais chez nous, les gens en font \u00e0 leur t\u00eate. Peut-\u00eatre que si l\u2019on se montrait disciplin\u00e9 en respectant la distanciation sociale, les autorit\u00e9s pourraient autoriser l\u2019organisation de certaines festivit\u00e9s.<\/em> <em>Mais notre comportement de d\u00e9fiance est tel que personne ne veut prendre de risques. D\u00e9j\u00e0 que l\u2019on n\u2019a pas les moyens de s\u2019offrir des vaccins \u00e0 temps, je souhaite que les uns et les autres sachent raison garder, pour autant que l\u2019on ne veuille pas aggraver notre situation.<\/em><\/p>\n<p class=\"c4\"><em>\u00a0<\/em><\/p>\n<p class=\"c6\"><strong><em>\u00ab\u00a0Le Fou\u00a0\u00bb<\/em><\/strong><\/p>\n<p>Auteur: Le Pays<br \/>\n<a href=\"https:\/\/lepays.bf\/report-du-fespaco\/\">Cliquez ici pour lire l&rsquo;article depuis sa source.<\/a><\/p>\n","protected":false},"excerpt":{"rendered":"<p>Le Conseil des ministres, en sa s\u00e9ance du 29 janvier dernier, a d\u00e9cid\u00e9, coronavirus oblige, de reporter la 27e \u00e9dition du Festival panafricain du cin\u00e9ma et de la t\u00e9l\u00e9vision de Ouagadougou (FESPACO) \u00e0 une date ult\u00e9rieure. S\u2019il est vrai que cette d\u00e9cision n\u2019a pas surpris grand monde, il reste entendu qu\u2019elle aura de graves r\u00e9percussions [&hellip;]<\/p>\n","protected":false},"author":1813,"featured_media":0,"comment_status":"closed","ping_status":"closed","sticky":false,"template":"","format":"standard","meta":{"fifu_image_url":"","fifu_image_alt":"","footnotes":""},"categories":[73,81],"tags":[],"class_list":["post-110618","post","type-post","status-publish","format-standard","hentry","category-actualite","category-burkina-faso"],"_links":{"self":[{"href":"https:\/\/linitiative.ca\/International\/wp-json\/wp\/v2\/posts\/110618","targetHints":{"allow":["GET"]}}],"collection":[{"href":"https:\/\/linitiative.ca\/International\/wp-json\/wp\/v2\/posts"}],"about":[{"href":"https:\/\/linitiative.ca\/International\/wp-json\/wp\/v2\/types\/post"}],"author":[{"embeddable":true,"href":"https:\/\/linitiative.ca\/International\/wp-json\/wp\/v2\/users\/1813"}],"replies":[{"embeddable":true,"href":"https:\/\/linitiative.ca\/International\/wp-json\/wp\/v2\/comments?post=110618"}],"version-history":[{"count":0,"href":"https:\/\/linitiative.ca\/International\/wp-json\/wp\/v2\/posts\/110618\/revisions"}],"wp:attachment":[{"href":"https:\/\/linitiative.ca\/International\/wp-json\/wp\/v2\/media?parent=110618"}],"wp:term":[{"taxonomy":"category","embeddable":true,"href":"https:\/\/linitiative.ca\/International\/wp-json\/wp\/v2\/categories?post=110618"},{"taxonomy":"post_tag","embeddable":true,"href":"https:\/\/linitiative.ca\/International\/wp-json\/wp\/v2\/tags?post=110618"}],"curies":[{"name":"wp","href":"https:\/\/api.w.org\/{rel}","templated":true}]}}