{"id":110620,"date":"2021-02-04T14:15:38","date_gmt":"2021-02-04T19:15:38","guid":{"rendered":"https:\/\/linitiative.ca\/International\/mise-en-place-du-bureau-de-lassemblee-en-rdc\/"},"modified":"2021-02-04T14:15:38","modified_gmt":"2021-02-04T19:15:38","slug":"mise-en-place-du-bureau-de-lassemblee-en-rdc","status":"publish","type":"post","link":"https:\/\/linitiative.ca\/International\/mise-en-place-du-bureau-de-lassemblee-en-rdc\/","title":{"rendered":"MISE EN PLACE DU BUREAU DE L\u2019ASSEMBLEE EN RDC"},"content":{"rendered":"<p class=\"c4\"><em>Le \u00a03 f\u00e9vrier dernier, marquait la fin de la session extraordinaire de l\u2019Assembl\u00e9e nationale congolaise ouverte depuis d\u00e9but janvier. Le clou de la journ\u00e9e a \u00e9t\u00e9 sans doute la mise en place du nouveau bureau de la Repr\u00e9sentation nationale jusque-l\u00e0 dirig\u00e9e par un bureau d\u2019\u00e2ge, apr\u00e8s le renvoi sans autre forme de proc\u00e8s, en d\u00e9cembre dernier, de l\u2019ancienne tenante du perchoir, Jeanine Mabunda qui a pay\u00e9 les frais de sa trop grande proximit\u00e9 avec l\u2019ex-pr\u00e9sident Joseph Kabila. Sans grande surprise, le pr\u00e9sident temporaire, Christophe Mboso, qui \u00e9tait candidat au poste de \u00a0pr\u00e9sident d\u00e9finitif de l\u2019Assembl\u00e9e nationale pour la nouvelle coalition \u00ab\u00a0tshisekediste\u00a0\u00bb, l\u2019Union sacr\u00e9e, a \u00e9t\u00e9 \u00e9lu pour le reste du temps du mandat des repr\u00e9sentants du peuple congolais. Apr\u00e8s avoir r\u00e9ussi le pari de tenir le navire de l\u2019Assembl\u00e9e qui tanguait et r\u00e9ussi le coup d\u2019\u00e9clat d\u2019\u00e9vincer le Premier ministre, Sylvestre Ilunga Ilunkamba,\u00a0 ce n\u2019est que juste r\u00e9compense, pourrait-on dire.<\/em><\/p>\n<p class=\"c4\"><em>\u00a0<\/em><\/p>\n<p class=\"c6\"><strong><em>On peut saluer le vent du changement qui souffle d\u00e9sormais sur les institutions congolaises<\/em><\/strong><\/p>\n<p class=\"c6\"><strong><em>\u00a0<\/em><\/strong><\/p>\n<p class=\"c4\"><em>Avec d\u00e9sormais cette mainmise sur le Parlement par les partisans du pr\u00e9sident congolais, on sent l\u2019\u00e9pilogue de la longue crise politique qui paralysait les institutions r\u00e9publicaines\u00a0 depuis qu\u2019un \u00e9pais brouillard \u00e9tait apparu dans les relations entre F\u00e9lix Tshisekedi et Joseph Kabila, entrainant au passage, le vol en \u00e9clats de la coalition\u00a0 entre Front commun pour le Congo (FCC) et le Cap pour le changement (CACH). Il ne reste d\u00e9sormais que la nomination du nouveau chef de l\u2019Ex\u00e9cutif congolais pour que F\u00e9lix Tshisekedi \u00e9treigne pleinement le pouvoir et cela n\u2019est plus v\u00e9ritablement qu\u2019une question de temps.\u00a0<\/em> <em>Le moins que l\u2019on puisse dire c\u2019est qu\u2019il faut saluer le g\u00e9nie politique du chef de l\u2019Etat congolais qui est parvenu \u00e0 d\u00e9jouer tous les pronostics pour renverser en sa faveur, le rapport de forces qui, \u00e0 l\u2019origine, \u00e9tait tr\u00e8s d\u00e9s\u00e9quilibr\u00e9 entre lui et son alli\u00e9, Joseph Kabila. Usant de tact politique et en toute l\u00e9galit\u00e9, il est parvenu \u00e0 se d\u00e9faire, sans la moindre violence, de cet alli\u00e9 devenu trop encombrant de par son sulfureux pass\u00e9 et de par sa gloutonnerie qui cachait mal ses intentions de reprendre tr\u00e8s vite le pouvoir qu\u2019il a \u00e9t\u00e9 contraint d\u2019abandoner. En cela, l\u2019on peut dire qu\u2019il est vraiment le fils de son p\u00e8re, le Sphinx de Limette, Etienne Tshisekedi,\u00a0 \u00e0 l\u2019ombre duquel il a, sans doute, beaucoup appris des man\u0153uvres politiciennes. L\u2019on peut aussi saluer le vent du changement qui souffle d\u00e9sormais sur les institutions congolaises avec ce qu\u2019il peut dor\u00e9navant apporter en termes de renouveau dans la gouvernance du pays. On peut le dire, le\u00a0 navire Tshisekedi peut d\u00e9sormais \u00e9tendre pleinement toutes ses voiles et profiter des forces de ce vent de changement pour avancer au large en gardant cependant bien \u00e0 l\u2019esprit \u00ab\u00a0qu\u2019il n\u2019y a pas de vents favorables \u00e0 celui qui ne sait o\u00f9 aller \u00bb.\u00a0\u00a0<\/em> <em>Et c\u2019est bien l\u00e0, tout le pi\u00e8ge. Car, le tout n\u2019est pas, pour le pr\u00e9sident congolais,\u00a0 de disposer d\u2019une nouvelle majorit\u00e9 \u00e0 l\u2019Assembl\u00e9e nationale mais il faut aussi qu\u2019il puisse la mettre au service de son projet de soci\u00e9t\u00e9 et parer au plus urgent, notamment la question s\u00e9curitaire dans la r\u00e9gion Est du pays que les spadassins ont transform\u00e9e en v\u00e9ritable cimeti\u00e8re \u00e0 ciel ouvert. Et en la mati\u00e8re, l\u2019on peut effectivement\u00a0 avoir de s\u00e9rieuses inqui\u00e9tudes.<\/em><\/p>\n<p class=\"c4\"><em>\u00a0<\/em><\/p>\n<p class=\"c6\"><strong><em>Il n\u2019est pas exclu que les insatisfaits du partage rament \u00e0 contre-courant<\/em><\/strong><\/p>\n<p class=\"c4\"><em>\u00a0<\/em><\/p>\n<p class=\"c4\"><em>En effet, l\u2019on peut avoir des doutes quant \u00e0 la solidit\u00e9 de la nouvelle coalition mise sur place par le pr\u00e9sident F\u00e9lix Tshisekedi et qui est domin\u00e9e par des transfuges du camp Kabila qui ont c\u00e9d\u00e9 \u00e0 la menace de la dissolution de l\u2019Assembl\u00e9e nationale qui les aurait priv\u00e9s de leurs \u00e9moluments et avantages alors qu\u2019ils ont peu de chances de gagner une \u00e9lection transparente. Le risque, \u00e0 tout moment, d\u2019un retournement de veste au gr\u00e9 des conjonctures politiques, est bien r\u00e9el. A ce risque, il faut aussi ajouter les immanquables m\u00e9contentements que provoque le partage du g\u00e2teau au sein de la nouvelle coalition.\u00a0 Car, il n\u2019est pas exclu que les insatisfaits du partage rament \u00e0 contre-courant. Il faut aussi compter avec l\u2019approche des \u00e9ch\u00e9ances \u00e9lectorales. L\u2019\u00e9lection pr\u00e9sidentielle est pr\u00e9vue pour 2023 et l\u2019on imagine difficilement des poids lourds de la sc\u00e8ne politique congolaise comme Moise Katumbi ou Jean-Pierre Bemba qui ont soutenu la nouvelle coalition juste pour r\u00e9gler leurs comptes avec leur ennemi jur\u00e9, Joseph Kabila, mettre sous le boisseau leurs ambitions pr\u00e9sidentielles. C\u2019est dire donc que le navire Tshisekedi prendra l\u2019eau au fur et \u00e0 mesure que la ligne des \u00e9lections commencera \u00e0 se profiter \u00e0 l\u2019horizon.\u00a0<\/em> <em>Mais tous ces risques d\u2019implosion qui menacent la nouvelle majorit\u00e9 pr\u00e9sidentielle, ne sauraient excuser le pr\u00e9sident Tshisekedi qui a d\u00e9sormais toutes les cartes en main pour agir. Ces risques constituent m\u00eame une raison pour agir vite et bien car plus les choses tra\u00eeneront, plus l\u2019appareil Tshisekedi prendra les allures de l\u2019albatros avec des ailes trop grandes pour s\u2019envoler. Et celui qui devra r\u00e9pondre devant les Congolais et devant l\u2019histoire de cette d\u00e9faillance technique, c\u2019est bien l\u2019ing\u00e9nieur qui a mis au point l\u2019attelage. L\u2019urgence \u00e0 agir vite et bien est d\u2019autant plus grande que l\u2019heure de cette reddition des comptes n\u2019est plus aussi lointaine que cela.<\/em><\/p>\n<p class=\"c4\"><em>\u00a0<\/em><\/p>\n<p class=\"c6\"><em><strong>\u00ab\u00a0Le Pays\u00a0\u00bb\u00a0\u00a0\u00a0\u00a0\u00a0<\/strong><\/em><\/p>\n<p class=\"c4\"><em>\u00a0<\/em><\/p>\n<p>Auteur: Le Pays<br \/>\n<a href=\"https:\/\/lepays.bf\/mise-en-place-du-bureau-de-lassemblee-en-rdc\/\">Cliquez ici pour lire l&rsquo;article depuis sa source.<\/a><\/p>\n","protected":false},"excerpt":{"rendered":"<p>Le \u00a03 f\u00e9vrier dernier, marquait la fin de la session extraordinaire de l\u2019Assembl\u00e9e nationale congolaise ouverte depuis d\u00e9but janvier. Le clou de la journ\u00e9e a \u00e9t\u00e9 sans doute la mise en place du nouveau bureau de la Repr\u00e9sentation nationale jusque-l\u00e0 dirig\u00e9e par un bureau d\u2019\u00e2ge, apr\u00e8s le renvoi sans autre forme de proc\u00e8s, en d\u00e9cembre [&hellip;]<\/p>\n","protected":false},"author":1813,"featured_media":0,"comment_status":"closed","ping_status":"closed","sticky":false,"template":"","format":"standard","meta":{"fifu_image_url":"","fifu_image_alt":"","footnotes":""},"categories":[73,81],"tags":[],"class_list":["post-110620","post","type-post","status-publish","format-standard","hentry","category-actualite","category-burkina-faso"],"_links":{"self":[{"href":"https:\/\/linitiative.ca\/International\/wp-json\/wp\/v2\/posts\/110620","targetHints":{"allow":["GET"]}}],"collection":[{"href":"https:\/\/linitiative.ca\/International\/wp-json\/wp\/v2\/posts"}],"about":[{"href":"https:\/\/linitiative.ca\/International\/wp-json\/wp\/v2\/types\/post"}],"author":[{"embeddable":true,"href":"https:\/\/linitiative.ca\/International\/wp-json\/wp\/v2\/users\/1813"}],"replies":[{"embeddable":true,"href":"https:\/\/linitiative.ca\/International\/wp-json\/wp\/v2\/comments?post=110620"}],"version-history":[{"count":0,"href":"https:\/\/linitiative.ca\/International\/wp-json\/wp\/v2\/posts\/110620\/revisions"}],"wp:attachment":[{"href":"https:\/\/linitiative.ca\/International\/wp-json\/wp\/v2\/media?parent=110620"}],"wp:term":[{"taxonomy":"category","embeddable":true,"href":"https:\/\/linitiative.ca\/International\/wp-json\/wp\/v2\/categories?post=110620"},{"taxonomy":"post_tag","embeddable":true,"href":"https:\/\/linitiative.ca\/International\/wp-json\/wp\/v2\/tags?post=110620"}],"curies":[{"name":"wp","href":"https:\/\/api.w.org\/{rel}","templated":true}]}}