{"id":110621,"date":"2021-02-04T14:20:04","date_gmt":"2021-02-04T19:20:04","guid":{"rendered":"https:\/\/linitiative.ca\/International\/sortie-des-eveques-sur-la-presidentielle-au-congo-brazza\/"},"modified":"2021-02-04T14:20:04","modified_gmt":"2021-02-04T19:20:04","slug":"sortie-des-eveques-sur-la-presidentielle-au-congo-brazza","status":"publish","type":"post","link":"https:\/\/linitiative.ca\/International\/sortie-des-eveques-sur-la-presidentielle-au-congo-brazza\/","title":{"rendered":"SORTIE DES EVEQUES SUR LA PRESIDENTIELLE AU CONGO-BRAZZA  \u00a0"},"content":{"rendered":"<p class=\"c4\"><em>A quelques semaines de la pr\u00e9sidentielle au Congo-Brazza, l\u2019Eglise catholique a rendu public son message sur le scrutin du 21 mars prochain.\u00a0 C\u2019\u00e9tait le 2 f\u00e9vrier dernier.\u00a0 Cette sortie est motiv\u00e9e, explique-t-elle, par \u00ab\u00a0le devoir qui incombe \u00e0 l\u2019Eglise, de scruter, \u00e0 tout moment, les signes des temps\u00a0\u00bb. De son message, ressortent clairement de fortes craintes quant aux conditions d\u2019organisation du scrutin \u00e0 venir.\u00a0Au Congo, pr\u00e9sidentielle rimant toujours avec troubles sociopolitiques et s\u00e9curitaires, les \u00e9v\u00eaques disent se faire l\u2019\u00e9cho de nombreux Congolais qui, une fois encore, \u00ab vivent d\u00e9j\u00e0 dans la peur et la hantise\u00a0\u00bb des violences \u00e0 mesure que l\u2019on approche du rendez-vous \u00e9lectoral prochain.\u00a0 Le cri du c\u0153ur du clerg\u00e9 congolais sera-t-il entendu par le pouvoir qui a la responsabilit\u00e9 d\u2019organiser ce scrutin\u00a0?\u00a0 Le message des \u00e9v\u00eaques contribuera-t-il \u00e0 vaincre le signe \u2026 congolais ?\u00a0 Rien n\u2019est moins certain.\u00a0\u00a0 Il faut plut\u00f4t craindre que ces Hommes de Dieu ne soient en train de pr\u00eacher dans le d\u00e9sert.\u00a0 Jamais rassasi\u00e9 de pouvoir et ayant toujours fait feu de tout bois pour demeurer \u00e0 son tr\u00f4ne, il est quasi certain que le pr\u00e9sident candidat \u00e0 sa propre succession, n\u2019aura cure de cette mise en garde des \u00e9v\u00eaques qui appellent \u00e0 la transparence et \u00e0 la cr\u00e9dibilit\u00e9 du scrutin.\u00a0 Autant dire que l\u2019\u00e9lection qui se profile \u00e0 l\u2019horizon, a toutes les chances de ressembler \u00e0 celles qui l\u2019ont pr\u00e9c\u00e9d\u00e9e, par sa qualit\u00e9 douteuse\u00a0: un vaudeville \u00e9lectoral qui suscitera encore de vives critiques, mais au terme duquel le pr\u00e9sident sortant, Denis Sassou N\u2019Guesso, empoignera encore, son \u00ab\u00a0d\u00fb\u00a0\u00bb de chef bantou ind\u00e9tr\u00f4nable. Mais apr\u00e8s tout, on est au Gondwana avec ses institutions fantoches \u00e0 la solde du grand chef, sa Justice aux ordres, ses opposants sans cesse traqu\u00e9s et opprim\u00e9s, et enfin ses m\u00e9dias critiques musel\u00e9s.\u00a0 Dans un pays comme tel, o\u00f9 l\u2019\u00e9vocation de l\u2019alternance rel\u00e8ve du crime de l\u00e8se-majest\u00e9, les inqui\u00e9tudes de l\u2019Eglise, \u00e0 l\u2019or\u00e9e des \u00e9lections, se justifient amplement.<\/em><\/p>\n<p class=\"c4\"><em>\u00a0<\/em><\/p>\n<p class=\"c6\"><strong><em>C\u2019est surtout au peuple qu\u2019il appartient de prendre ses responsabilit\u00e9s<\/em><\/strong><\/p>\n<p class=\"c6\"><strong><em>\u00a0<\/em><\/strong><\/p>\n<p class=\"c4\"><em>Cela dit, quand sera-t-il mis fin \u00e0 la souffrance de tous ces Congolais fatigu\u00e9s de voir tr\u00f4ner au sommet de l\u2019Etat, la seule et m\u00eame t\u00eate depuis plus de trente ans ? Il faut croire, h\u00e9las, qu\u2019ils ne sont pas au bout de leurs peines, tant le rapport du pr\u00e9sident Sassou au pouvoir d\u2019Etat, semble plut\u00f4t solidement b\u00e2ti sur la conception traditionnelle du pouvoir\u00a0: \u00ab\u00a0j\u2019y suis et je reste\u00a0\u00bb \u2026 Jusqu\u2019\u00e0 ce que mort s\u2019en suive.\u00a0 Sans aucun doute \u00e9tabli dans une logique emprunt\u00e9e \u00e0 celle de l\u2019ex-pr\u00e9sident ivoirien, Laurent Gbagbo, \u00e0 savoir\u00a0: \u00ab les \u00e9lections,\u00a0on les gagne ou\u2026 on les gagne\u00a0\u00bb, Sassou N\u2019Guesso n\u2019entend certainement pas organiser \u00ab\u00a0son\u00a0\u00bb scrutin pour le perdre.\u00a0 Cette si longue et grande souffrance qu\u2019il continue d\u2019infliger \u00e0 la d\u00e9mocratie au Congo-Brazza, ne serait sans doute plus d\u2019actualit\u00e9 aujourd\u2019hui si un certain Fran\u00e7ois Hollande, alors pr\u00e9sident de la France, avait su dire non \u00e0 son homologue congolais, quand ce dernier avait entrepris de convoquer un r\u00e9f\u00e9rendum pour modifier la Constitution.\u00a0\u00a0 Le but de la man\u0153uvre \u00e9tait connu : se donner les moyens de sauter le verrou de la limite d\u2019\u00e2ge qui l\u2019emp\u00eachait, \u00e0 l\u2019\u00e9poque, de se remettre dans la course \u00e0 la pr\u00e9sidence. On connait la suite : Sassou avait b\u00e9n\u00e9fici\u00e9 de la complicit\u00e9 plus ou moins tacite du pr\u00e9sident Hollande qui avait d\u00e9\u00e7u l\u2019opposition congolaise qui esp\u00e9rait na\u00efvement, dans son combat contre les d\u00e9rives du ma\u00eetre de Brazza, que l\u2019Elys\u00e9e prendrait le parti de la d\u00e9mocratie.\u00a0<\/em> <em>Mais il est clair que c\u2019est au peuple congolais de prendre son destin en mains. Ne dit-on pas, du reste, que les peuples m\u00e9ritent leurs dirigeants\u00a0? C\u2019est bien au peuple congolais qu\u2019il appartient de prendre ses responsabilit\u00e9s face au mal Sassou et contre lequel il ne s\u2019est manifestement pas encore dot\u00e9 du rem\u00e8de ad\u00e9quat.\u00a0 La triste r\u00e9alit\u00e9 est que ce peuple-l\u00e0 a toujours voulu aller au paradis sans mourir. \u00a0Car, pour venir \u00e0 bout du probl\u00e8me Sassou, il y a, \u00e0 l\u2019\u00e9vidence, un sacrifice \u00e0 consentir, que ne semble pas pr\u00eat \u00e0 faire ce peuple qui donne plut\u00f4t l\u2019impression de s\u2019\u00eatre finalement r\u00e9sign\u00e9.\u00a0 Mais il est vrai que les Congolais savent \u00e0 quel type de satrape ils ont affaire, un N\u00e9ron des temps modernes, qui serait pr\u00eat \u00e0 br\u00fbler son pays\u00a0; l\u2019essentiel pour lui \u00e9tant de s\u2019\u00e9terniser au pouvoir.\u00a0 La r\u00e9gion du Pool pilonn\u00e9e par les combattants de Sassou, en sait quelque chose. \u00a0Allez-y demander au G\u00e9n\u00e9ral Jean-Marie Michel Mokoko qui a eu le malheur de contester la victoire du satrape, \u00e0 l\u2019issue du pr\u00e9c\u00e9dent scrutin, et qui croupit, en ce moment, en prison, de quoi est capable l\u2019homme fort de Brazzaville. \u00a0C\u2019est quasiment une certitude\u00a0: au terme de l\u2019\u00e9lection qui s\u2019annonce, Sassou et toujours le m\u00eame sera, une fois encore, investi pr\u00e9sident.\u00a0 Les conditions de transparence du scrutin feront encore planer le doute sur sa sinc\u00e9rit\u00e9.\u00a0 Toute chose qui peut amener finalement \u00e0 se demander \u00e0 quoi servent les \u00e9lections au Congo-Brazza. Quelles plus-values apportent-elles \u00e0 ce pays qui pourrait encore compter de nombreux morts et une multitude de d\u00e9plac\u00e9s\u00a0\u00e0 l\u2019occasion du vote? Ce pays avait pourtant tout pour r\u00e9ussir au regard de ses immenses richesses naturelles. Au lieu de cela, il se voit sans cesse sous perfusion d\u2019institutions financi\u00e8res internationales, et continue de \u00a0s\u2019illustrer par sa mauvaise gouvernance sur fond de scandales \u00e0 r\u00e9p\u00e9titions li\u00e9s aux \u00ab\u00a0biens mal acquis\u00a0\u00bb. C\u2019est bien dommage\u00a0!<\/em><\/p>\n<p class=\"c4\"><em>\u00a0<\/em><\/p>\n<p class=\"c6\"><strong><em>CBS<\/em><\/strong><\/p>\n<p>Auteur: Le Pays<br \/>\n<a href=\"https:\/\/lepays.bf\/sortie-des-eveques-sur-la-presidentielle-au-congo-brazza\/\">Cliquez ici pour lire l&rsquo;article depuis sa source.<\/a><\/p>\n","protected":false},"excerpt":{"rendered":"<p>A quelques semaines de la pr\u00e9sidentielle au Congo-Brazza, l\u2019Eglise catholique a rendu public son message sur le scrutin du 21 mars prochain.\u00a0 C\u2019\u00e9tait le 2 f\u00e9vrier dernier.\u00a0 Cette sortie est motiv\u00e9e, explique-t-elle, par \u00ab\u00a0le devoir qui incombe \u00e0 l\u2019Eglise, de scruter, \u00e0 tout moment, les signes des temps\u00a0\u00bb. De son message, ressortent clairement de fortes [&hellip;]<\/p>\n","protected":false},"author":1813,"featured_media":0,"comment_status":"closed","ping_status":"closed","sticky":false,"template":"","format":"standard","meta":{"fifu_image_url":"","fifu_image_alt":"","footnotes":""},"categories":[73,81],"tags":[],"class_list":["post-110621","post","type-post","status-publish","format-standard","hentry","category-actualite","category-burkina-faso"],"_links":{"self":[{"href":"https:\/\/linitiative.ca\/International\/wp-json\/wp\/v2\/posts\/110621","targetHints":{"allow":["GET"]}}],"collection":[{"href":"https:\/\/linitiative.ca\/International\/wp-json\/wp\/v2\/posts"}],"about":[{"href":"https:\/\/linitiative.ca\/International\/wp-json\/wp\/v2\/types\/post"}],"author":[{"embeddable":true,"href":"https:\/\/linitiative.ca\/International\/wp-json\/wp\/v2\/users\/1813"}],"replies":[{"embeddable":true,"href":"https:\/\/linitiative.ca\/International\/wp-json\/wp\/v2\/comments?post=110621"}],"version-history":[{"count":0,"href":"https:\/\/linitiative.ca\/International\/wp-json\/wp\/v2\/posts\/110621\/revisions"}],"wp:attachment":[{"href":"https:\/\/linitiative.ca\/International\/wp-json\/wp\/v2\/media?parent=110621"}],"wp:term":[{"taxonomy":"category","embeddable":true,"href":"https:\/\/linitiative.ca\/International\/wp-json\/wp\/v2\/categories?post=110621"},{"taxonomy":"post_tag","embeddable":true,"href":"https:\/\/linitiative.ca\/International\/wp-json\/wp\/v2\/tags?post=110621"}],"curies":[{"name":"wp","href":"https:\/\/api.w.org\/{rel}","templated":true}]}}