{"id":110622,"date":"2021-02-04T14:51:40","date_gmt":"2021-02-04T19:51:40","guid":{"rendered":"https:\/\/linitiative.ca\/International\/condamnation-du-journaliste-sadio-bah-a-six-mois-de-prison-en-guinee\/"},"modified":"2021-02-04T14:51:40","modified_gmt":"2021-02-04T19:51:40","slug":"condamnation-du-journaliste-sadio-bah-a-six-mois-de-prison-en-guinee","status":"publish","type":"post","link":"https:\/\/linitiative.ca\/International\/condamnation-du-journaliste-sadio-bah-a-six-mois-de-prison-en-guinee\/","title":{"rendered":"CONDAMNATION DU JOURNALISTE SADIO BAH A SIX MOIS DE PRISON EN GUINEE"},"content":{"rendered":"<p class=\"c4\"><em>Le Tribunal de premi\u00e8re instance de Dixinn a rendu son verdict, le 4 f\u00e9vrier 2021, dans l\u2019affaire opposant le journaliste sportif Sadio Bah au pr\u00e9sident de la F\u00e9d\u00e9ration guin\u00e9enne de football.\u00a0 Six mois de prison ferme et une amende de 500 000 francs guin\u00e9ens. C\u2019est la sanction qui a \u00e9t\u00e9 inflig\u00e9e au journaliste qui \u00e9tait poursuivi pour diffamation, injures publiques et d\u00e9nonciation calomnieuses \u00e0 l\u2019endroit du tout puissant patron du sport roi guin\u00e9en, Mamadou Antonio Souar\u00e9. \u00a0Tomb\u00e9e comme un couperet sur la t\u00eate du pauvre journaliste, cette condamnation est consid\u00e9r\u00e9e comme\u00a0 lourde puisque le procureur avait requis la relaxe pour d\u00e9lit non constitu\u00e9. Mais que voulez-vous ? Nous sommes au pays du Pr Alpha Cond\u00e9 o\u00f9 la moindre ind\u00e9licatesse ou tout acte consid\u00e9r\u00e9 comme tel, est s\u00e9v\u00e8rement sanctionn\u00e9e. C\u2019est d\u2019autant plus vrai que des leaders d\u2019OSC, des opposants et bien des journalistes, ont \u00e9t\u00e9 jet\u00e9s en prison, certains pour s\u2019\u00eatre oppos\u00e9s au troisi\u00e8me mandat de Cond\u00e9, d\u2019autres pour avoir critiqu\u00e9 son r\u00e9gime ou d\u00e9nonc\u00e9 ses travers. L\u2019on se demande jusqu\u2019o\u00f9 ira le rouleau compresseur du Pr Alpha Cond\u00e9. Le moins que l\u2019on puisse dire, c\u2019est que la violation des droits de l\u2019homme est devenue le sport favori de Cond\u00e9. Une situation qui inqui\u00e8te aussi bien les Guin\u00e9ens que la Communaut\u00e9 internationale, notamment l\u2019Union europ\u00e9enne qui avait demand\u00e9 au satrape de faire la lumi\u00e8re sur la situation des opposants emprisonn\u00e9s.\u00a0<\/em> <em>Et comme pour prouver qu\u2019elle ne plaisantait pas, elle n\u2019avait pas h\u00e9sit\u00e9 \u00e0 brandir le b\u00e2ton en \u00e9voquant la possibilit\u00e9 de sanctions si le pouvoir faisait la sourde oreille. Cette menace suffira-t-elle \u00e0 faire entendre raison au pr\u00e9sident guin\u00e9en? Tout laisse croire que non. Il en faut plus pour inqui\u00e9ter Alpha Cond\u00e9. On est d\u2019autant plus fond\u00e9 \u00e0 le croire que depuis sa r\u00e9\u00e9lection contest\u00e9e, l\u2019octog\u00e9naire pr\u00e9sident\u00a0 n\u2019aura pos\u00e9 aucun acte concret pour r\u00e9duire les tensions qu\u2019il a contribu\u00e9 \u00e0 exacerber entre les Guin\u00e9ens. C\u2019est dire s\u2019il n\u2019est pas dans une dynamique de r\u00e9conciliation comme son homologue ivoirien Alassane Ouattara qui, apr\u00e8s s\u2019\u00eatre fait r\u00e9\u00e9lire avec un score \u00e0 la sovi\u00e9tique, a illico presto nomm\u00e9 un ministre en charge de la r\u00e9conciliation en la personne de Kouadio Konan Bertin.\u00a0<\/em><\/p>\n<p class=\"c4\"><em>\u00a0<\/em><\/p>\n<p class=\"c6\"><strong><em>La Guin\u00e9e est devenue une prison \u00e0 ciel ouvert<\/em><\/strong><\/p>\n<p class=\"c4\"><em>\u00a0<\/em><\/p>\n<p class=\"c4\"><em>En tout cas, tous ceux qui osent lever le petit doigt pour d\u00e9noncer sa forfaiture, n\u2019\u00e9chapperont pas \u00e0 sa furie vengeresse. C\u2019est dire si l\u2019UE gagnerait \u00e0 passer \u00e0 la vitesse sup\u00e9rieure. Car, comme le dit l\u2019adage, \u00ab\u00a0on n\u2019effraie pas un vieil hibou aux yeux ronds, avec un \u00e9pouvantail\u00a0\u00bb. Cond\u00e9 qui dirige son pays d\u2019une main de fer depuis plus d\u2019une d\u00e9cennie, ne saurait, sur une simple menace de sanctions, plier l\u2019\u00e9chine. Du reste, s\u2019il n\u2019\u00e9tait pas lui-m\u00eame un pr\u00e9dateur des droits humains, il aurait rendu justice aux victimes du massacre du 28 septembre 2009. Ne demandez donc pas \u00e0 un satrape dont les placards sont d\u00e9j\u00e0 remplis de cadavres, de faire la lumi\u00e8re sur la d\u00e9tention de ses opposants. Car, aux yeux de Cond\u00e9, mourir en prison n\u2019a rien de scandaleux. Et on n\u2019exag\u00e8re pas en l\u2019affirmant puisque de nombreux Guin\u00e9ens ont \u00e9t\u00e9 abattus comme du gibier par ses sbires \u00e0 la g\u00e2chette facile, qui n\u2019ont jamais \u00e9t\u00e9 inqui\u00e9t\u00e9s. C\u2019est \u00e0 se demander si Pr Cond\u00e9 est encore lucide. Comment est-il possible que quelqu\u2019un qui aura pass\u00e9 une bonne partie de sa vie dans l\u2019opposition et qui aura \u00e9t\u00e9 accueilli, \u00e0 son arriv\u00e9e au pouvoir, comme un lib\u00e9rateur, soit devenu un des plus sanguinaires dirigeants d\u2019Afrique? Le hic est que tant que le fils de Bok\u00e9 restera aux affaires, ni les opposants, ni les d\u00e9fenseurs des droits humains, encore moins les Hommes de m\u00e9dias, n\u2019auront la paix. Car, la Guin\u00e9e et c\u2019est peu de le dire, est devenue une prison \u00e0 ciel ouvert.<\/em><\/p>\n<p class=\"c4\"><em>\u00a0<\/em><\/p>\n<p class=\"c6\"><strong><em>Dabadi ZOUMBARA<\/em><\/strong><\/p>\n<p class=\"c4\"><em>\u00a0<\/em><\/p>\n<p class=\"c4\"><em>\u00a0<\/em><\/p>\n<p class=\"c4\"><em>\u00a0<\/em><\/p>\n<p>Auteur: Le Pays<br \/>\n<a href=\"https:\/\/lepays.bf\/condamnation-du-journaliste-sadio-bah-a-six-mois-de-prison-en-guinee\/\">Cliquez ici pour lire l&rsquo;article depuis sa source.<\/a><\/p>\n","protected":false},"excerpt":{"rendered":"<p>Le Tribunal de premi\u00e8re instance de Dixinn a rendu son verdict, le 4 f\u00e9vrier 2021, dans l\u2019affaire opposant le journaliste sportif Sadio Bah au pr\u00e9sident de la F\u00e9d\u00e9ration guin\u00e9enne de football.\u00a0 Six mois de prison ferme et une amende de 500 000 francs guin\u00e9ens. C\u2019est la sanction qui a \u00e9t\u00e9 inflig\u00e9e au journaliste qui \u00e9tait [&hellip;]<\/p>\n","protected":false},"author":1813,"featured_media":0,"comment_status":"closed","ping_status":"closed","sticky":false,"template":"","format":"standard","meta":{"fifu_image_url":"","fifu_image_alt":"","footnotes":""},"categories":[73,81],"tags":[],"class_list":["post-110622","post","type-post","status-publish","format-standard","hentry","category-actualite","category-burkina-faso"],"_links":{"self":[{"href":"https:\/\/linitiative.ca\/International\/wp-json\/wp\/v2\/posts\/110622","targetHints":{"allow":["GET"]}}],"collection":[{"href":"https:\/\/linitiative.ca\/International\/wp-json\/wp\/v2\/posts"}],"about":[{"href":"https:\/\/linitiative.ca\/International\/wp-json\/wp\/v2\/types\/post"}],"author":[{"embeddable":true,"href":"https:\/\/linitiative.ca\/International\/wp-json\/wp\/v2\/users\/1813"}],"replies":[{"embeddable":true,"href":"https:\/\/linitiative.ca\/International\/wp-json\/wp\/v2\/comments?post=110622"}],"version-history":[{"count":0,"href":"https:\/\/linitiative.ca\/International\/wp-json\/wp\/v2\/posts\/110622\/revisions"}],"wp:attachment":[{"href":"https:\/\/linitiative.ca\/International\/wp-json\/wp\/v2\/media?parent=110622"}],"wp:term":[{"taxonomy":"category","embeddable":true,"href":"https:\/\/linitiative.ca\/International\/wp-json\/wp\/v2\/categories?post=110622"},{"taxonomy":"post_tag","embeddable":true,"href":"https:\/\/linitiative.ca\/International\/wp-json\/wp\/v2\/tags?post=110622"}],"curies":[{"name":"wp","href":"https:\/\/api.w.org\/{rel}","templated":true}]}}