{"id":110628,"date":"2021-02-04T16:18:01","date_gmt":"2021-02-04T21:18:01","guid":{"rendered":"https:\/\/linitiative.ca\/International\/les-candidates-aux-legislatives-ivoiriennes-formees-en-politique\/"},"modified":"2021-02-04T16:18:01","modified_gmt":"2021-02-04T21:18:01","slug":"les-candidates-aux-legislatives-ivoiriennes-formees-en-politique","status":"publish","type":"post","link":"https:\/\/linitiative.ca\/International\/les-candidates-aux-legislatives-ivoiriennes-formees-en-politique\/","title":{"rendered":"Les candidates aux l\u00e9gislatives ivoiriennes form\u00e9es en politique"},"content":{"rendered":"<div readability=\"32\">\n<p>Publi\u00e9 le 04.02.2021 \u00e0 22h18 par APA News<\/p>\n<\/div>\n<div readability=\"71\">\n<p>Le Groupe des organisations f\u00e9minines pour l\u2019\u00e9galit\u00e9 Homme-Femme (GOFEHF) en partenariat avec ONU-FEMMES, a ouvert jeudi \u00e0 Abidjan un atelier pour renforcer l\u2019accompagnement politique des femmes candidates et leurs suppl\u00e9antes aux l\u00e9gislatives ivoiriennes du 06 mars prochain.<\/p>\n<p>Ce conclave qui entend exhorter les femmes \u00e0 \u00a0\u00ab prendre en main leur destin \u00a0\u00bb s\u2019ach\u00e8vera vendredi. \u00a0\u00ab Aujourd\u2019hui nous pourrons dire qu\u2019il n\u2019y a rien \u00e0 esp\u00e9rer de qui que ce soit. Donc nous devons nous lever et agir face \u00e0 nous-m\u00eames. Agir face \u00e0 soi-m\u00eame, c\u2019est prendre son destin en main. C\u2019est prendre la bonne d\u00e9cision d\u2019un changement radical face \u00e0 son destin\u00bb, a exhort\u00e9 Rachel Gogoua, la pr\u00e9sidente du GOFEHF dans un discours d\u2019ouverture de ce s\u00e9minaire.\u00a0<\/p>\n<p>\u00abPrenons aujourd\u2019hui la r\u00e9solution d\u2019envahir les assembl\u00e9es \u00e9lues. Si tel est notre but ou objectif, nous le pouvons. Alors passons \u00e0 l\u2019action et agissons dans la solidarit\u00e9 totale des unes et des autres. Il est temps de changer de paradigme, c\u2019est-\u00e0-dire la fa\u00e7on de voir \u00bb, a \u00e9galement conseill\u00e9 Mme Gogoua aux candidates aux l\u00e9gislatives ivoiriennes.<\/p>\n<p>Poursuivant, elle a estim\u00e9 qu\u2019il \u00a0\u00ab nous faut une introspection permanente pour \u00eatre plus que jamais d\u00e9termin\u00e9e pour vaincre, c\u2019est-\u00e0-dire \u00eatre \u00e9lue \u00a0\u00bb.<\/p>\n<p>La pr\u00e9sidente du GOFEHF, une organisation qui dit regrouper 19 r\u00e9seaux et organisations f\u00e9minines, a appel\u00e9 \u00a0\u00abses s\u0153urs \u00bb \u00e0 avoir d\u00e9sormais pour devise \u00a0\u00ab Gagner et rien que gagner\u00bb.<\/p>\n<p>La C\u00f4te d\u2019Ivoire a adopt\u00e9 en octobre 2019, une loi obligeant les partis politiques \u00e0 respecter un quota de 30% de femmes dans les assembl\u00e9es \u00e9lues. Cette loi vise ainsi \u00e0 favoriser la repr\u00e9sentation de la femme dans les assembl\u00e9es \u00e9lues.<\/p>\n<p>Cependant dans un rapport sur les l\u00e9gislatives ivoiriennes, le Conseil national des droits de l\u2019homme (CNDH) a r\u00e9v\u00e9l\u00e9 qu\u2019aucun parti politique ivoirien n\u2019a respect\u00e9 ce quota de repr\u00e9sentation de 30% des femmes candidates pour ce scrutin pr\u00e9vu le 06 mars prochain.<\/p>\n<\/div>\n<p>Auteur: APA News<br \/>\n<a href=\"https:\/\/www.journalducameroun.com\/les-candidates-aux-legislatives-ivoiriennes-formees-en-politique\/\">Cliquez ici pour lire l&rsquo;article depuis sa source.<\/a><\/p>\n","protected":false},"excerpt":{"rendered":"<p>Publi\u00e9 le 04.02.2021 \u00e0 22h18 par APA News Le Groupe des organisations f\u00e9minines pour l\u2019\u00e9galit\u00e9 Homme-Femme (GOFEHF) en partenariat avec ONU-FEMMES, a ouvert jeudi \u00e0 Abidjan un atelier pour renforcer l\u2019accompagnement politique des femmes candidates et leurs suppl\u00e9antes aux l\u00e9gislatives ivoiriennes du 06 mars prochain. Ce conclave qui entend exhorter les femmes \u00e0 \u00a0\u00ab prendre [&hellip;]<\/p>\n","protected":false},"author":1965,"featured_media":0,"comment_status":"closed","ping_status":"closed","sticky":false,"template":"","format":"standard","meta":{"fifu_image_url":"","fifu_image_alt":"","footnotes":""},"categories":[73,82],"tags":[],"class_list":["post-110628","post","type-post","status-publish","format-standard","hentry","category-actualite","category-cameroun"],"_links":{"self":[{"href":"https:\/\/linitiative.ca\/International\/wp-json\/wp\/v2\/posts\/110628","targetHints":{"allow":["GET"]}}],"collection":[{"href":"https:\/\/linitiative.ca\/International\/wp-json\/wp\/v2\/posts"}],"about":[{"href":"https:\/\/linitiative.ca\/International\/wp-json\/wp\/v2\/types\/post"}],"author":[{"embeddable":true,"href":"https:\/\/linitiative.ca\/International\/wp-json\/wp\/v2\/users\/1965"}],"replies":[{"embeddable":true,"href":"https:\/\/linitiative.ca\/International\/wp-json\/wp\/v2\/comments?post=110628"}],"version-history":[{"count":0,"href":"https:\/\/linitiative.ca\/International\/wp-json\/wp\/v2\/posts\/110628\/revisions"}],"wp:attachment":[{"href":"https:\/\/linitiative.ca\/International\/wp-json\/wp\/v2\/media?parent=110628"}],"wp:term":[{"taxonomy":"category","embeddable":true,"href":"https:\/\/linitiative.ca\/International\/wp-json\/wp\/v2\/categories?post=110628"},{"taxonomy":"post_tag","embeddable":true,"href":"https:\/\/linitiative.ca\/International\/wp-json\/wp\/v2\/tags?post=110628"}],"curies":[{"name":"wp","href":"https:\/\/api.w.org\/{rel}","templated":true}]}}