{"id":110629,"date":"2021-02-04T16:18:02","date_gmt":"2021-02-04T21:18:02","guid":{"rendered":"https:\/\/linitiative.ca\/International\/cote-divoire-la-pression-fiscale-sest-etablie-a-125-en-2020\/"},"modified":"2021-02-04T16:18:02","modified_gmt":"2021-02-04T21:18:02","slug":"cote-divoire-la-pression-fiscale-sest-etablie-a-125-en-2020","status":"publish","type":"post","link":"https:\/\/linitiative.ca\/International\/cote-divoire-la-pression-fiscale-sest-etablie-a-125-en-2020\/","title":{"rendered":"C\u00f4te d\u2019Ivoire: la pression fiscale s\u2019est \u00e9tablie \u00e0 12,5% en 2020"},"content":{"rendered":"<div readability=\"32\">\n<p>Publi\u00e9 le 04.02.2021 \u00e0 22h18 par APA News<\/p>\n<\/div>\n<div readability=\"103\">\n<p>La pression fiscale en C\u00f4te d\u2019Ivoire s\u2019est \u00e9tablie \u00e0 12,5% en 2020, a indiqu\u00e9 jeudi \u00e0 Abidjan le directeur g\u00e9n\u00e9ral des imp\u00f4ts, Abou Si\u00e9 Ouattara, face aux chefs d\u2019entreprises de la Chambre de commerce europ\u00e9enne en C\u00f4te d\u2019Ivoire (Eurocham).<\/p>\n<p>\u00ab\u00a0Nous sommes \u00e0 12,5% du taux de pression fiscale aujourd\u2019hui (apr\u00e8s la gestion 2020)\u00a0\u00bb, a d\u00e9clar\u00e9 le directeur g\u00e9n\u00e9ral des imp\u00f4ts, Abou Si\u00e9 Ouattara, lors d\u2019un \u00e9change avec des membres de la Chambre de commerce europ\u00e9enne en C\u00f4te d\u2019Ivoire (Eurocham).\u00a0<\/p>\n<p>Ce taux, notera-t-il, se \u00ab\u00a0situe largement en de\u00e7\u00e0 des normes communautaires\u00a0\u00bb de l\u2019Union \u00e9conomique et mon\u00e9taire ouest-africaine (Uemoa) qui fixe le niveau \u00e0 20%. \u00ab\u00a0Nous sommes (d\u2019ailleurs) \u00e0 7,5 points \u00e0 rattraper\u00a0\u00bb. \u00a0\u00a0<\/p>\n<p>L\u2019annexe fiscale 2021 institue deux nouveaux r\u00e9gimes d\u2019imposition et r\u00e9am\u00e9nage les r\u00e9gimes r\u00e9els d\u2019imposition. Elle introduit le r\u00e9gime de l\u2019entreprenant (chiffre d\u2019affaires compris entre 5 et 50 millions Fcfa) et le r\u00e9gime des microentreprises (chiffre d\u2019affaires entre 50 et 200 millions Fcfa).\u00a0<\/p>\n<p>\u00ab\u00a0Par le pass\u00e9, on retrouvait dans le m\u00eame r\u00e9gime d\u2019imposition l\u2019apprenant qui vient de commencer, le r\u00e9gime de l\u2019imp\u00f4t synth\u00e9tique et le r\u00e9gime du r\u00e9el simplifi\u00e9\u00a0\u00bb, a fait observer le directeur g\u00e9n\u00e9ral des imp\u00f4ts.\u00a0<\/p>\n<p>Cette annexe fiscale intervient dans un contexte de crise sanitaire de Covid-19 qui a secou\u00e9 le secteur priv\u00e9 en g\u00e9n\u00e9ral et les Petites et moyennes entreprises (PME) en particulier. La r\u00e9forme initi\u00e9e vient simplifier la fiscalit\u00e9 applicable aux PME.<\/p>\n<p>Selon le Cabinet de Conseil juridique, fiscal, comptable et financier, Mondon Conseil international, la r\u00e9forme instaur\u00e9e par l\u2019annexe fiscale 2021 \u00ab\u00a0accentue la pression fiscale sur ces entreprises avec des taux d\u2019imposition allant de 2% \u00e0 7% du chiffre d\u2019affaires\u00a0\u00bb.<\/p>\n<p>\u00ab\u00a0Mobiliser les ressources, c\u2019est n\u00e9cessaire, mais il ne faudrait pas que cela soit concentr\u00e9 sur les op\u00e9rateurs du secteur formel, du r\u00e9gime normal et du r\u00e9gime normal r\u00e9el\u00a0\u00bb, a dit Jean-Luc Ruelle, ancien pr\u00e9sident de Eurocham, actuellement vice-pr\u00e9sident de l\u2019organisation.<\/p>\n<p>Il s\u2019est f\u00e9licit\u00e9 des initiatives prises par la direction g\u00e9n\u00e9rale des imp\u00f4ts pour \u00e9largir l\u2019assiette fiscale. Pour lui, \u00ab\u00a0c\u2019est la condition pour arriver \u00e0 une mobilisation s\u00e9rieuse, importante et significative des recettes fiscales\u00a0\u00bb.\u00a0<\/p>\n<p>Pour l\u2019ann\u00e9e 2019, la pression fiscale, selon le budget 2019, ressortait un taux de 16% contre 15,6 % en 2018, soit une hausse de 0,4 %. La pression fiscale en 2020 a connu une chute suite \u00e0 un recalcul du Produit int\u00e9rieur brut (PIB) d\u00fb \u00e0 la Covid-19.\u00a0<\/p>\n<\/div>\n<p>Auteur: APA News<br \/>\n<a href=\"https:\/\/www.journalducameroun.com\/cote-divoire-la-pression-fiscale-sest-etablie-a-125-en-2020\/\">Cliquez ici pour lire l&rsquo;article depuis sa source.<\/a><\/p>\n","protected":false},"excerpt":{"rendered":"<p>Publi\u00e9 le 04.02.2021 \u00e0 22h18 par APA News La pression fiscale en C\u00f4te d\u2019Ivoire s\u2019est \u00e9tablie \u00e0 12,5% en 2020, a indiqu\u00e9 jeudi \u00e0 Abidjan le directeur g\u00e9n\u00e9ral des imp\u00f4ts, Abou Si\u00e9 Ouattara, face aux chefs d\u2019entreprises de la Chambre de commerce europ\u00e9enne en C\u00f4te d\u2019Ivoire (Eurocham). \u00ab\u00a0Nous sommes \u00e0 12,5% du taux de pression [&hellip;]<\/p>\n","protected":false},"author":1965,"featured_media":0,"comment_status":"closed","ping_status":"closed","sticky":false,"template":"","format":"standard","meta":{"fifu_image_url":"","fifu_image_alt":"","footnotes":""},"categories":[73,82],"tags":[],"class_list":["post-110629","post","type-post","status-publish","format-standard","hentry","category-actualite","category-cameroun"],"_links":{"self":[{"href":"https:\/\/linitiative.ca\/International\/wp-json\/wp\/v2\/posts\/110629","targetHints":{"allow":["GET"]}}],"collection":[{"href":"https:\/\/linitiative.ca\/International\/wp-json\/wp\/v2\/posts"}],"about":[{"href":"https:\/\/linitiative.ca\/International\/wp-json\/wp\/v2\/types\/post"}],"author":[{"embeddable":true,"href":"https:\/\/linitiative.ca\/International\/wp-json\/wp\/v2\/users\/1965"}],"replies":[{"embeddable":true,"href":"https:\/\/linitiative.ca\/International\/wp-json\/wp\/v2\/comments?post=110629"}],"version-history":[{"count":0,"href":"https:\/\/linitiative.ca\/International\/wp-json\/wp\/v2\/posts\/110629\/revisions"}],"wp:attachment":[{"href":"https:\/\/linitiative.ca\/International\/wp-json\/wp\/v2\/media?parent=110629"}],"wp:term":[{"taxonomy":"category","embeddable":true,"href":"https:\/\/linitiative.ca\/International\/wp-json\/wp\/v2\/categories?post=110629"},{"taxonomy":"post_tag","embeddable":true,"href":"https:\/\/linitiative.ca\/International\/wp-json\/wp\/v2\/tags?post=110629"}],"curies":[{"name":"wp","href":"https:\/\/api.w.org\/{rel}","templated":true}]}}