{"id":110630,"date":"2021-02-04T17:18:02","date_gmt":"2021-02-04T22:18:02","guid":{"rendered":"https:\/\/linitiative.ca\/International\/lambassadeur-du-maroc-a-lonu-reelu-president-de-la-configuration-republique-centrafricaine\/"},"modified":"2021-02-04T17:18:02","modified_gmt":"2021-02-04T22:18:02","slug":"lambassadeur-du-maroc-a-lonu-reelu-president-de-la-configuration-republique-centrafricaine","status":"publish","type":"post","link":"https:\/\/linitiative.ca\/International\/lambassadeur-du-maroc-a-lonu-reelu-president-de-la-configuration-republique-centrafricaine\/","title":{"rendered":"L\u2019ambassadeur du Maroc \u00e0 l\u2019ONU r\u00e9\u00e9lu pr\u00e9sident de la Configuration R\u00e9publique Centrafricaine"},"content":{"rendered":"<div readability=\"32\">\n<p>Publi\u00e9 le 04.02.2021 \u00e0 23h18 par APA News<\/p>\n<\/div>\n<div readability=\"58\">\n<p>L\u2019ambassadeur, Repr\u00e9sentant permanent du Maroc aupr\u00e8s des Nations unies, Omar Hilale, a \u00e9t\u00e9 r\u00e9\u00e9lu pr\u00e9sident de la Configuration R\u00e9publique Centrafricaine de la Commission de la Consolidation de la Paix des Nations unies (CCP), lors de la premi\u00e8re r\u00e9union formelle de l\u2019ann\u00e9e de cet organe.La CCP, organe subsidiaire du Conseil de S\u00e9curit\u00e9 et de l\u2019Assembl\u00e9e G\u00e9n\u00e9rale, a pour mandat de mobiliser les ressources pour le financement des diff\u00e9rents plans de consolidation de la paix du pays, de mobiliser la communaut\u00e9 internationale pour maintenir la question centrafricaine au c\u0153ur de ses pr\u00e9occupations et d\u2019\u00e9laborer des recommandations et conseils, notamment au Conseil de S\u00e9curit\u00e9.<\/p>\n<p>La r\u00e9\u00e9lection de l\u2019ambassadeur Hilale constitue une marque de confiance de la communaut\u00e9 internationale et de l\u2019ONU dans le r\u00f4le cl\u00e9 jou\u00e9 par le Maroc dans la consolidation, le maintien et la p\u00e9rennisation de la paix. En effet, le Royaume demeure \u00e0 ce jour le seul pays arabe et africain \u00e0 pr\u00e9sider une Configuration-pays.<\/p>\n<p>Outre la pr\u00e9sidence de la Configuration, le Maroc apporte \u00e9galement un soutien important pour la stabilisation du pays, avec un contingent d\u00e9ploy\u00e9 au sein de la mission onusienne de pays (MINUSCA), dont l\u2019abn\u00e9gation et l\u2019engagement ont \u00e9t\u00e9 salu\u00e9s \u00e0 maintes reprises aussi bien par le Pr\u00e9sident de la R\u00e9publique Centrafricaine que par l\u2019ONU.<\/p>\n<\/div>\n<p>Auteur: APA News<br \/>\n<a href=\"https:\/\/www.journalducameroun.com\/lambassadeur-du-maroc-a-lonu-reelu-president-de-la-configuration-republique-centrafricaine\/\">Cliquez ici pour lire l&rsquo;article depuis sa source.<\/a><\/p>\n","protected":false},"excerpt":{"rendered":"<p>Publi\u00e9 le 04.02.2021 \u00e0 23h18 par APA News L\u2019ambassadeur, Repr\u00e9sentant permanent du Maroc aupr\u00e8s des Nations unies, Omar Hilale, a \u00e9t\u00e9 r\u00e9\u00e9lu pr\u00e9sident de la Configuration R\u00e9publique Centrafricaine de la Commission de la Consolidation de la Paix des Nations unies (CCP), lors de la premi\u00e8re r\u00e9union formelle de l\u2019ann\u00e9e de cet organe.La CCP, organe subsidiaire [&hellip;]<\/p>\n","protected":false},"author":1965,"featured_media":0,"comment_status":"closed","ping_status":"closed","sticky":false,"template":"","format":"standard","meta":{"fifu_image_url":"","fifu_image_alt":"","footnotes":""},"categories":[73,82],"tags":[],"class_list":["post-110630","post","type-post","status-publish","format-standard","hentry","category-actualite","category-cameroun"],"_links":{"self":[{"href":"https:\/\/linitiative.ca\/International\/wp-json\/wp\/v2\/posts\/110630","targetHints":{"allow":["GET"]}}],"collection":[{"href":"https:\/\/linitiative.ca\/International\/wp-json\/wp\/v2\/posts"}],"about":[{"href":"https:\/\/linitiative.ca\/International\/wp-json\/wp\/v2\/types\/post"}],"author":[{"embeddable":true,"href":"https:\/\/linitiative.ca\/International\/wp-json\/wp\/v2\/users\/1965"}],"replies":[{"embeddable":true,"href":"https:\/\/linitiative.ca\/International\/wp-json\/wp\/v2\/comments?post=110630"}],"version-history":[{"count":0,"href":"https:\/\/linitiative.ca\/International\/wp-json\/wp\/v2\/posts\/110630\/revisions"}],"wp:attachment":[{"href":"https:\/\/linitiative.ca\/International\/wp-json\/wp\/v2\/media?parent=110630"}],"wp:term":[{"taxonomy":"category","embeddable":true,"href":"https:\/\/linitiative.ca\/International\/wp-json\/wp\/v2\/categories?post=110630"},{"taxonomy":"post_tag","embeddable":true,"href":"https:\/\/linitiative.ca\/International\/wp-json\/wp\/v2\/tags?post=110630"}],"curies":[{"name":"wp","href":"https:\/\/api.w.org\/{rel}","templated":true}]}}