{"id":110631,"date":"2021-02-04T17:18:03","date_gmt":"2021-02-04T22:18:03","guid":{"rendered":"https:\/\/linitiative.ca\/International\/maroc-plus-de-350-000-personnes-vaccinees-contre-la-covid-19-ministere\/"},"modified":"2021-02-04T17:18:03","modified_gmt":"2021-02-04T22:18:03","slug":"maroc-plus-de-350-000-personnes-vaccinees-contre-la-covid-19-ministere","status":"publish","type":"post","link":"https:\/\/linitiative.ca\/International\/maroc-plus-de-350-000-personnes-vaccinees-contre-la-covid-19-ministere\/","title":{"rendered":"Maroc : Plus de 350.000 personnes vaccin\u00e9es contre la Covid-19 (minist\u00e8re)"},"content":{"rendered":"<div readability=\"32\">\n<p>Publi\u00e9 le 04.02.2021 \u00e0 23h18 par APA News<\/p>\n<\/div>\n<div readability=\"56\">\n<p>Un total de 351.723 personnes ont re\u00e7u la premi\u00e8re dose du vaccin contre la Covid-19 jusqu\u2019au 4 f\u00e9vrier \u00e0 18H00, a indiqu\u00e9 jeudi le minist\u00e8re de la Sant\u00e9 dans son bulletin quotidien.Lanc\u00e9e le 28 janvier, la campagne de vaccination sera gratuite pour l\u2019ensemble des citoyens avec comme objectif d\u2019immuniser 80% de la population (30 millions de personnes), de r\u00e9duire puis \u00e9liminer les cas de contamination et de d\u00e9c\u00e8s dus \u00e0 l\u2019\u00e9pid\u00e9mie et de contenir la propagation du virus.<\/p>\n<p>La priorit\u00e9 a \u00e9t\u00e9 accord\u00e9e en priorit\u00e9 aux personnels de premi\u00e8re ligne, en l\u2019occurrence, les autorit\u00e9s publiques, les forces arm\u00e9es, les professionnels de la sant\u00e9 de plus de 40 ans et plus, les enseignants de 45 ans et plus et les personnes \u00e2g\u00e9es \u00e0 partir de 75 ans, vuln\u00e9rables au virus, et ce, avant de l\u2019\u00e9largir au reste de la population.<\/p>\n<p>Aujourd\u2019hui, le Royaume a recens\u00e9 620 nouvelles infections pour un total de 473.667 cas confirm\u00e9s \u00e0 la Covid-19, dont 8.351 d\u00e9c\u00e8s (+28) et 452.522 personnes gu\u00e9ries (+742).<\/p>\n<\/div>\n<p>Auteur: APA News<br \/>\n<a href=\"https:\/\/www.journalducameroun.com\/maroc-plus-de-350-000-personnes-vaccinees-contre-la-covid-19-ministere\/\">Cliquez ici pour lire l&rsquo;article depuis sa source.<\/a><\/p>\n","protected":false},"excerpt":{"rendered":"<p>Publi\u00e9 le 04.02.2021 \u00e0 23h18 par APA News Un total de 351.723 personnes ont re\u00e7u la premi\u00e8re dose du vaccin contre la Covid-19 jusqu\u2019au 4 f\u00e9vrier \u00e0 18H00, a indiqu\u00e9 jeudi le minist\u00e8re de la Sant\u00e9 dans son bulletin quotidien.Lanc\u00e9e le 28 janvier, la campagne de vaccination sera gratuite pour l\u2019ensemble des citoyens avec comme [&hellip;]<\/p>\n","protected":false},"author":1965,"featured_media":0,"comment_status":"closed","ping_status":"closed","sticky":false,"template":"","format":"standard","meta":{"fifu_image_url":"","fifu_image_alt":"","footnotes":""},"categories":[73,82],"tags":[],"class_list":["post-110631","post","type-post","status-publish","format-standard","hentry","category-actualite","category-cameroun"],"_links":{"self":[{"href":"https:\/\/linitiative.ca\/International\/wp-json\/wp\/v2\/posts\/110631","targetHints":{"allow":["GET"]}}],"collection":[{"href":"https:\/\/linitiative.ca\/International\/wp-json\/wp\/v2\/posts"}],"about":[{"href":"https:\/\/linitiative.ca\/International\/wp-json\/wp\/v2\/types\/post"}],"author":[{"embeddable":true,"href":"https:\/\/linitiative.ca\/International\/wp-json\/wp\/v2\/users\/1965"}],"replies":[{"embeddable":true,"href":"https:\/\/linitiative.ca\/International\/wp-json\/wp\/v2\/comments?post=110631"}],"version-history":[{"count":0,"href":"https:\/\/linitiative.ca\/International\/wp-json\/wp\/v2\/posts\/110631\/revisions"}],"wp:attachment":[{"href":"https:\/\/linitiative.ca\/International\/wp-json\/wp\/v2\/media?parent=110631"}],"wp:term":[{"taxonomy":"category","embeddable":true,"href":"https:\/\/linitiative.ca\/International\/wp-json\/wp\/v2\/categories?post=110631"},{"taxonomy":"post_tag","embeddable":true,"href":"https:\/\/linitiative.ca\/International\/wp-json\/wp\/v2\/tags?post=110631"}],"curies":[{"name":"wp","href":"https:\/\/api.w.org\/{rel}","templated":true}]}}