{"id":110634,"date":"2021-02-04T09:41:14","date_gmt":"2021-02-04T14:41:14","guid":{"rendered":"https:\/\/linitiative.ca\/International\/chan-2020-lattaquant-camerounais-yannick-ndjeng-renvoye-de-la-selection\/"},"modified":"2021-02-04T09:41:14","modified_gmt":"2021-02-04T14:41:14","slug":"chan-2020-lattaquant-camerounais-yannick-ndjeng-renvoye-de-la-selection","status":"publish","type":"post","link":"https:\/\/linitiative.ca\/International\/chan-2020-lattaquant-camerounais-yannick-ndjeng-renvoye-de-la-selection\/","title":{"rendered":"CHAN 2020 : l\u2019attaquant camerounais Yannick Ndjeng renvoy\u00e9 de la s\u00e9lection"},"content":{"rendered":"<div class=\"featured-area featured-area-inner\">\n<p><img loading=\"lazy\" decoding=\"async\" width=\"780\" height=\"470\" src=\"https:\/\/ecomatin.net\/wp-content\/uploads\/2021\/02\/Yannick-Ndjeng-2-780x470.jpg\" class=\"attachment-jannah-image-post size-jannah-image-post wp-post-image\" alt=\"\" is_main_img=\"1\"\/><\/p>\n<\/div>\n<div class=\"entry-content entry clearfix\" readability=\"60\">\n<p>Le Championnat d\u2019Afrique des Nations (CHAN) de football 2022 est termin\u00e9 pour Yannick Ndjeng. L\u2019attaquant de l\u2019AS Futuro de Yaound\u00e9 a \u00e9t\u00e9 exclu de la s\u00e9lection camerounaise ce jeudi 4 f\u00e9vrier 2021, pour \u00ab\u00a0indiscipline caract\u00e9ris\u00e9e \u00e0 l\u2019issue de la demi-finale perdue hier contre le Maroc \u00e0 Limbe\u00a0\u00bb, renseigne un communiqu\u00e9 de l\u2019attach\u00e9 de presse des Lions A\u2019, Derrick Baka, et publi\u00e9 sur le compte twitter de la F\u00e9d\u00e9ration camerounaise de football.<\/p>\n<p>L\u2019ancien joueur de l\u2019Esp\u00e9rance de Tunis a quitt\u00e9 le groupe jeudi matin, \u00e0 la demande du s\u00e9lectionneur Martin Ndtoungou Mpil\u00e9. Le communiqu\u00e9 ne va pas plus loin sur les raisons v\u00e9ritables de cette d\u00e9cision qui tombe \u00e0 deux jours du match de classement que devra disputer le Cameroun contre la Guin\u00e9e samedi prochain au stade de la R\u00e9unification de B\u00e9panda \u00e0 Douala.<\/p>\n<p>Cependant, il n\u2019a pas \u00e9chapp\u00e9 \u00e0 l\u2019opinion l\u2019image d\u2019une empoignade verbale sur le banc de touche des Lions A\u2019 mercredi soir entre le joueur et l\u2019entraineur adjoint, David Pagou. Les deux ont failli en venir aux mains, n\u2019eut \u00e9t\u00e9 l\u2019intervention des co\u00e9quipiers de Yannick Ndjeng pour tenter de calmer le jeu.<\/p>\n<p>Yannick Ndjeng avait \u00e9t\u00e9 l\u2019un des hommes cl\u00e9s du match de quart de finale face \u00e0 la RD Congo (2-1), et avait m\u00eame inscrit l\u2019un des deux buts du Cameroun. Titularis\u00e9 d\u2019entr\u00e9e face au Maroc, il n\u2019a pas donn\u00e9 satisfaction, et n\u2019aurait pas appr\u00e9ci\u00e9 le fait d\u2019avoir \u00e9t\u00e9 sorti.<\/p>\n<p><strong>Yannick KENNE<\/strong><\/p>\n<\/div>\n<p>Auteur: Eco Matin<br \/>\n<a href=\"https:\/\/ecomatin.net\/chan-2020-lattaquant-camerounais-yannick-ndjeng-renvoye-de-la-selection\/\">Cliquez ici pour lire l&rsquo;article depuis sa source.<\/a><\/p>\n","protected":false},"excerpt":{"rendered":"<p>Le Championnat d\u2019Afrique des Nations (CHAN) de football 2022 est termin\u00e9 pour Yannick Ndjeng. L\u2019attaquant de l\u2019AS Futuro de Yaound\u00e9 a \u00e9t\u00e9 exclu de la s\u00e9lection camerounaise ce jeudi 4 f\u00e9vrier 2021, pour \u00ab\u00a0indiscipline caract\u00e9ris\u00e9e \u00e0 l\u2019issue de la demi-finale perdue hier contre le Maroc \u00e0 Limbe\u00a0\u00bb, renseigne un communiqu\u00e9 de l\u2019attach\u00e9 de presse des [&hellip;]<\/p>\n","protected":false},"author":1969,"featured_media":0,"comment_status":"closed","ping_status":"closed","sticky":false,"template":"","format":"standard","meta":{"fifu_image_url":"https:\/\/ecomatin.net\/wp-content\/uploads\/2021\/02\/Yannick-Ndjeng-2-780x470.jpg","fifu_image_alt":"CHAN 2020 : l\u2019attaquant camerounais Yannick Ndjeng renvoy\u00e9 de la s\u00e9lection","footnotes":""},"categories":[82,78],"tags":[],"class_list":["post-110634","post","type-post","status-publish","format-standard","hentry","category-cameroun","category-economie"],"_links":{"self":[{"href":"https:\/\/linitiative.ca\/International\/wp-json\/wp\/v2\/posts\/110634","targetHints":{"allow":["GET"]}}],"collection":[{"href":"https:\/\/linitiative.ca\/International\/wp-json\/wp\/v2\/posts"}],"about":[{"href":"https:\/\/linitiative.ca\/International\/wp-json\/wp\/v2\/types\/post"}],"author":[{"embeddable":true,"href":"https:\/\/linitiative.ca\/International\/wp-json\/wp\/v2\/users\/1969"}],"replies":[{"embeddable":true,"href":"https:\/\/linitiative.ca\/International\/wp-json\/wp\/v2\/comments?post=110634"}],"version-history":[{"count":0,"href":"https:\/\/linitiative.ca\/International\/wp-json\/wp\/v2\/posts\/110634\/revisions"}],"wp:attachment":[{"href":"https:\/\/linitiative.ca\/International\/wp-json\/wp\/v2\/media?parent=110634"}],"wp:term":[{"taxonomy":"category","embeddable":true,"href":"https:\/\/linitiative.ca\/International\/wp-json\/wp\/v2\/categories?post=110634"},{"taxonomy":"post_tag","embeddable":true,"href":"https:\/\/linitiative.ca\/International\/wp-json\/wp\/v2\/tags?post=110634"}],"curies":[{"name":"wp","href":"https:\/\/api.w.org\/{rel}","templated":true}]}}