{"id":110637,"date":"2021-02-04T15:03:24","date_gmt":"2021-02-04T20:03:24","guid":{"rendered":"https:\/\/linitiative.ca\/International\/cooperation-sri-lanka-cameroun-bientot-100-mw-denergie-solaire\/"},"modified":"2021-02-04T15:03:24","modified_gmt":"2021-02-04T20:03:24","slug":"cooperation-sri-lanka-cameroun-bientot-100-mw-denergie-solaire","status":"publish","type":"post","link":"https:\/\/linitiative.ca\/International\/cooperation-sri-lanka-cameroun-bientot-100-mw-denergie-solaire\/","title":{"rendered":"Coop\u00e9ration Sri-Lanka-Cameroun : bient\u00f4t 100 Mw d\u2019\u00e9nergie solaire"},"content":{"rendered":"<p>Le secteur \u00e9nerg\u00e9tique camerounais sera bient\u00f4t enrichi de l\u2019exp\u00e9rience sri-lankaise. Dans les tout prochains mois, ce pays situ\u00e9 au Sud de l\u2019Inde envisage injecter pas moins de 100MW d\u2019\u00e9nergie solaire dans le r\u00e9seau existant. L\u2019annonce a \u00e9t\u00e9 faite par son Excellence Veluppilai Kanathan, haut-commissaire sri-lankais au Kenya, envoy\u00e9 sp\u00e9cial du pr\u00e9sident sri-lankais Gotabaya Rajapaksa, au sortir d\u2019une audience que lui a accord\u00e9 le pr\u00e9sident de la R\u00e9publique Paul Biya ce 3 f\u00e9vrier 2021.<\/p>\n<p>Indiquons qu\u2019au Cameroun des centrales solaires ont d\u00e9j\u00e0 vu le jour dans l\u2019objectif de pouvoir renforcer l\u2019\u00e9nergie \u00e9lectrique. Notamment les deux stations photovolta\u00efques construites par l\u2019entreprise distributrice d\u2019\u00e9lectricit\u00e9 Eneo \u00e0 Lomi\u00e9 dans la r\u00e9gion de l\u2019Est.<\/p>\n<p><strong>Lire aussi<\/strong> : <strong><a href=\"https:\/\/ecomatin.net\/eneo-met-en-service-sa-la-deuxieme-station-photovoltaique-a-lomie\/\">Eneo met en service sa deuxi\u00e8me station photovolta\u00efque \u00e0 Lomi\u00e9<\/a><\/strong><\/p>\n<p>L\u2019autre aspect sur lequel compte s\u2019\u00e9tablir la coop\u00e9ration entre les deux pays est l\u2019agriculture. Trois points sp\u00e9cifiques sont alors en ligne de mire \u00e0 savoir la production, la transformation et l\u2019exportation.\u00a0\u00abCeci \u00e0 l\u2019avantage de cr\u00e9er des emplois et rapporter des devises pour le pays\u00bb, indiquait Veluppilai Kanathan.<\/p>\n<p>Le choix du Cameroun par ce pays d\u2019Asie du Sud, n\u2019est pas anodin, selon son repr\u00e9sentant au Kenya, \u00ab\u00a0la priorit\u00e9 du gouvernement actuel dans mon pays est de travailler \u00e9troitement, sur les plans politique, \u00e9conomique et social avec le continent\u00a0\u00bb. Il est \u00e0 noter que ce pays d\u2019Asie du Sud, disposant d\u2019une population estim\u00e9e \u00e0 pr\u00e8s de 22 millions d\u2019habitants, entretient d\u00e9j\u00e0 des relations avec d\u2019autres pays d\u2019Afrique Australe et Orientale.<\/p>\n<p><strong>Lire aussi<\/strong> : <strong><a href=\"https:\/\/ecomatin.net\/electricite-14-milliards-de-fcfa-pour-construire-deux-centrales-solaires-dans-le-grand-nord\/\">Electricit\u00e9 : 14 milliards de FCFA pour construire deux centrales solaires dans le Grand Nord<\/a><\/strong><\/p>\n<p>Auteur: Cindy MBALA<br \/>\n<a href=\"https:\/\/ecomatin.net\/cooperation-sri-lanka-cameroun-bientot-100-mw-denergie-solaire\/\">Cliquez ici pour lire l&rsquo;article depuis sa source.<\/a><\/p>\n","protected":false},"excerpt":{"rendered":"<p>Le secteur \u00e9nerg\u00e9tique camerounais sera bient\u00f4t enrichi de l\u2019exp\u00e9rience sri-lankaise. Dans les tout prochains mois, ce pays situ\u00e9 au Sud de l\u2019Inde envisage injecter pas moins de 100MW d\u2019\u00e9nergie solaire dans le r\u00e9seau existant. L\u2019annonce a \u00e9t\u00e9 faite par son Excellence Veluppilai Kanathan, haut-commissaire sri-lankais au Kenya, envoy\u00e9 sp\u00e9cial du pr\u00e9sident sri-lankais Gotabaya Rajapaksa, au [&hellip;]<\/p>\n","protected":false},"author":1969,"featured_media":0,"comment_status":"closed","ping_status":"closed","sticky":false,"template":"","format":"standard","meta":{"fifu_image_url":"","fifu_image_alt":"","footnotes":""},"categories":[82,78],"tags":[],"class_list":["post-110637","post","type-post","status-publish","format-standard","hentry","category-cameroun","category-economie"],"_links":{"self":[{"href":"https:\/\/linitiative.ca\/International\/wp-json\/wp\/v2\/posts\/110637","targetHints":{"allow":["GET"]}}],"collection":[{"href":"https:\/\/linitiative.ca\/International\/wp-json\/wp\/v2\/posts"}],"about":[{"href":"https:\/\/linitiative.ca\/International\/wp-json\/wp\/v2\/types\/post"}],"author":[{"embeddable":true,"href":"https:\/\/linitiative.ca\/International\/wp-json\/wp\/v2\/users\/1969"}],"replies":[{"embeddable":true,"href":"https:\/\/linitiative.ca\/International\/wp-json\/wp\/v2\/comments?post=110637"}],"version-history":[{"count":0,"href":"https:\/\/linitiative.ca\/International\/wp-json\/wp\/v2\/posts\/110637\/revisions"}],"wp:attachment":[{"href":"https:\/\/linitiative.ca\/International\/wp-json\/wp\/v2\/media?parent=110637"}],"wp:term":[{"taxonomy":"category","embeddable":true,"href":"https:\/\/linitiative.ca\/International\/wp-json\/wp\/v2\/categories?post=110637"},{"taxonomy":"post_tag","embeddable":true,"href":"https:\/\/linitiative.ca\/International\/wp-json\/wp\/v2\/tags?post=110637"}],"curies":[{"name":"wp","href":"https:\/\/api.w.org\/{rel}","templated":true}]}}