{"id":110638,"date":"2021-02-05T09:39:36","date_gmt":"2021-02-05T14:39:36","guid":{"rendered":"https:\/\/linitiative.ca\/International\/digital-moroccan-millennium-leaders-lance-une-initiative-citoyenne\/"},"modified":"2021-02-05T09:39:36","modified_gmt":"2021-02-05T14:39:36","slug":"digital-moroccan-millennium-leaders-lance-une-initiative-citoyenne","status":"publish","type":"post","link":"https:\/\/linitiative.ca\/International\/digital-moroccan-millennium-leaders-lance-une-initiative-citoyenne\/","title":{"rendered":"Digital : Moroccan Millennium Leaders lance une initiative citoyenne"},"content":{"rendered":"<header>\n<\/header>\n<div class=\"entry-content clearfix\" readability=\"60\"><img decoding=\"async\" class=\"post_layout_5_img\" src=\"http:\/\/aujourdhui.ma\/wp-content\/uploads\/2021\/02\/Bootcamp-Citizen-Digital-Initiative.jpg\" alt=\"Digital : Moroccan Millennium Leaders lance une initiative citoyenne\"\/><\/p>\n<p><span class=\"c6\"><span class=\"c5\"><strong>Former des jeunes leaders digitaux. C\u2019est l\u2019objectif du Digital Bootcamp organis\u00e9 le 7 f\u00e9vrier 2021 par Moroccan Millennium Leaders et la Fondation Konrad Adenaeur Stiftung- Maroc \u00e0 Rabat (H\u00f4tel La Tour Hassan).<\/strong><\/span> <span id=\"more-367563\"\/><\/span><\/p>\n<p>Il s\u2019agit d\u2019une initiative citoyenne (Citizen Digital Initiative) visant \u00e0 prendre part au d\u00e9bat public autour de l\u2019importance de la transformation num\u00e9rique. Dans cette perspective, le lancement de cette premi\u00e8re initiative citoyenne sera ax\u00e9 sur les enjeux de la digitalisation au Maroc afin de sensibiliser l\u2019ensemble des parties prenantes (d\u00e9cideurs publics, op\u00e9rateurs \u00e9conomiques, associations professionnelles, acteurs acad\u00e9miques et scientifiques, soci\u00e9t\u00e9 civile, et initiatives citoyennes) et en vue d\u2019engager une dynamique citoyenne autour du digital comme levier de l\u2019\u00e9conomie num\u00e9rique, rel\u00e8vent les organisateurs de ce projet.<\/p>\n<p>Ce programme est compos\u00e9 de quatre axes, \u00e0 savoir: \u00abDigital Lab Day\u00bb, \u00abExperts Round Table\u00bb, \u00abDigital Bootcamp\u00bb (40 heures de formation \u00e0 l\u2019attention d\u2019une dizaine de futurs jeunes leaders digitaux afin de les accompagner dans la conception de projets digitaux), et \u00abDigital Mentoring\u00bb. Notons que la premi\u00e8re \u00e9tape du Citizen Digital Initiative d\u00e9marre ce dimanche avec en premier le Digital Bootcamp.<\/p>\n<p>A cet effet, 10 jeunes marocains ont \u00e9t\u00e9 s\u00e9lectionn\u00e9s en fonction de leurs motivations et leur capacit\u00e9 \u00e0 apporter une valeur ajout\u00e9e au programme. Les participants b\u00e9n\u00e9ficieront de 5 jours de formation en conclave.<\/p>\n<\/div>\n<p>Auteur: ALM<br \/>\n<a href=\"https:\/\/aujourdhui.ma\/emploi\/formation\/digital-moroccan-millennium-leaders-lance-une-initiative-citoyenne\">Cliquez ici pour lire l&rsquo;article depuis sa source.<\/a><\/p>\n","protected":false},"excerpt":{"rendered":"<p>Former des jeunes leaders digitaux. C\u2019est l\u2019objectif du Digital Bootcamp organis\u00e9 le 7 f\u00e9vrier 2021 par Moroccan Millennium Leaders et la Fondation Konrad Adenaeur Stiftung- Maroc \u00e0 Rabat (H\u00f4tel La Tour Hassan). Il s\u2019agit d\u2019une initiative citoyenne (Citizen Digital Initiative) visant \u00e0 prendre part au d\u00e9bat public autour de l\u2019importance de la transformation num\u00e9rique. Dans [&hellip;]<\/p>\n","protected":false},"author":1759,"featured_media":0,"comment_status":"closed","ping_status":"closed","sticky":false,"template":"","format":"standard","meta":{"fifu_image_url":"http:\/\/aujourdhui.ma\/wp-content\/uploads\/2021\/02\/Bootcamp-Citizen-Digital-Initiative.jpg","fifu_image_alt":"Digital : Moroccan Millennium Leaders lance une initiative citoyenne","footnotes":""},"categories":[73,54],"tags":[],"class_list":["post-110638","post","type-post","status-publish","format-standard","hentry","category-actualite","category-maroc"],"_links":{"self":[{"href":"https:\/\/linitiative.ca\/International\/wp-json\/wp\/v2\/posts\/110638","targetHints":{"allow":["GET"]}}],"collection":[{"href":"https:\/\/linitiative.ca\/International\/wp-json\/wp\/v2\/posts"}],"about":[{"href":"https:\/\/linitiative.ca\/International\/wp-json\/wp\/v2\/types\/post"}],"author":[{"embeddable":true,"href":"https:\/\/linitiative.ca\/International\/wp-json\/wp\/v2\/users\/1759"}],"replies":[{"embeddable":true,"href":"https:\/\/linitiative.ca\/International\/wp-json\/wp\/v2\/comments?post=110638"}],"version-history":[{"count":0,"href":"https:\/\/linitiative.ca\/International\/wp-json\/wp\/v2\/posts\/110638\/revisions"}],"wp:attachment":[{"href":"https:\/\/linitiative.ca\/International\/wp-json\/wp\/v2\/media?parent=110638"}],"wp:term":[{"taxonomy":"category","embeddable":true,"href":"https:\/\/linitiative.ca\/International\/wp-json\/wp\/v2\/categories?post=110638"},{"taxonomy":"post_tag","embeddable":true,"href":"https:\/\/linitiative.ca\/International\/wp-json\/wp\/v2\/tags?post=110638"}],"curies":[{"name":"wp","href":"https:\/\/api.w.org\/{rel}","templated":true}]}}