{"id":110639,"date":"2021-02-05T09:56:15","date_gmt":"2021-02-05T14:56:15","guid":{"rendered":"https:\/\/linitiative.ca\/International\/marketing-territorial-la-dgct-et-lisic-signent-une-convention-de-partenariat\/"},"modified":"2021-02-05T09:56:15","modified_gmt":"2021-02-05T14:56:15","slug":"marketing-territorial-la-dgct-et-lisic-signent-une-convention-de-partenariat","status":"publish","type":"post","link":"https:\/\/linitiative.ca\/International\/marketing-territorial-la-dgct-et-lisic-signent-une-convention-de-partenariat\/","title":{"rendered":"Marketing territorial\u00a0: La DGCT et l\u2019ISIC signent une Convention de partenariat"},"content":{"rendered":"<header>\n<\/header>\n<div class=\"entry-content clearfix\" readability=\"48\"><img decoding=\"async\" class=\"post_layout_5_img\" src=\"http:\/\/aujourdhui.ma\/wp-content\/uploads\/2021\/02\/DGCT-ISIC.jpg\" alt=\"Marketing territorial&#xA0;: La DGCT et l&#x2019;ISIC signent une Convention de partenariat\"\/><\/p>\n<p><span class=\"c5\"><strong>La Direction g\u00e9n\u00e9rale des collectivit\u00e9s territoriales (DGCT) et l\u2019Institut sup\u00e9rieur de l\u2019information et de la communication (ISIC) ont proc\u00e9d\u00e9 ce vendredi \u00e0 Rabat \u00e0 la signature d\u2019une convention-cadre de partenariat.<\/strong><\/span><span id=\"more-367566\"\/><\/p>\n<p>Celle-ci a pour objectif de mettre en place un cadre g\u00e9n\u00e9ral de coop\u00e9ration pour agir en faveur du d\u00e9veloppement de l\u2019action m\u00e9diatique et communicationnelle des collectivit\u00e9s territoriales, et ce dans le cadre de la promotion des principes de bonne gouvernance. Ce partenariat porte sur des domaines d\u2019intervention li\u00e9s \u00e0 la formation et \u00e0 la formation continue, l\u2019organisation d\u2019\u00e9v\u00e9nements communs, le conseil sp\u00e9cialis\u00e9, la r\u00e9alisation des recherches et d\u2019\u00e9tudes, ainsi que l\u2019offre des stages de terrain au profit des \u00e9tudiants journalistes de l\u2019ISIC. Pour Khalid Safir, Wali-Directeur G\u00e9n\u00e9ral des collectivit\u00e9s territoriales, cette convention \u00e9mane de la volont\u00e9 des deux parties de soutenir le d\u00e9veloppement territorial du Royaume et s\u2019inscrit dans le cadre de la mise en \u0153uvre du plan strat\u00e9gique 2021-2023 de la DGCT, notamment l\u2019axe r\u00e9serv\u00e9 \u00e0 la promotion de la participation citoyenne, \u00e0 travers le soutien aux m\u00e9dias et \u00e0 la communication au sein des collectivit\u00e9s territoriales et le renforcement de leurs m\u00e9canismes de dialogue et de concertation avec les citoyens et la soci\u00e9t\u00e9 civile.<\/p>\n<\/div>\n<p>Auteur: ALM<br \/>\n<a href=\"https:\/\/aujourdhui.ma\/actualite\/marketing-territorial-la-dgct-et-lisic-signent-une-convention-de-partenariat\">Cliquez ici pour lire l&rsquo;article depuis sa source.<\/a><\/p>\n","protected":false},"excerpt":{"rendered":"<p>La Direction g\u00e9n\u00e9rale des collectivit\u00e9s territoriales (DGCT) et l\u2019Institut sup\u00e9rieur de l\u2019information et de la communication (ISIC) ont proc\u00e9d\u00e9 ce vendredi \u00e0 Rabat \u00e0 la signature d\u2019une convention-cadre de partenariat. Celle-ci a pour objectif de mettre en place un cadre g\u00e9n\u00e9ral de coop\u00e9ration pour agir en faveur du d\u00e9veloppement de l\u2019action m\u00e9diatique et communicationnelle des [&hellip;]<\/p>\n","protected":false},"author":1759,"featured_media":0,"comment_status":"closed","ping_status":"closed","sticky":false,"template":"","format":"standard","meta":{"fifu_image_url":"http:\/\/aujourdhui.ma\/wp-content\/uploads\/2021\/02\/DGCT-ISIC.jpg","fifu_image_alt":"Marketing territorial\u00a0: La DGCT et l\u2019ISIC signent une Convention de partenariat","footnotes":""},"categories":[73,54],"tags":[],"class_list":["post-110639","post","type-post","status-publish","format-standard","hentry","category-actualite","category-maroc"],"_links":{"self":[{"href":"https:\/\/linitiative.ca\/International\/wp-json\/wp\/v2\/posts\/110639","targetHints":{"allow":["GET"]}}],"collection":[{"href":"https:\/\/linitiative.ca\/International\/wp-json\/wp\/v2\/posts"}],"about":[{"href":"https:\/\/linitiative.ca\/International\/wp-json\/wp\/v2\/types\/post"}],"author":[{"embeddable":true,"href":"https:\/\/linitiative.ca\/International\/wp-json\/wp\/v2\/users\/1759"}],"replies":[{"embeddable":true,"href":"https:\/\/linitiative.ca\/International\/wp-json\/wp\/v2\/comments?post=110639"}],"version-history":[{"count":0,"href":"https:\/\/linitiative.ca\/International\/wp-json\/wp\/v2\/posts\/110639\/revisions"}],"wp:attachment":[{"href":"https:\/\/linitiative.ca\/International\/wp-json\/wp\/v2\/media?parent=110639"}],"wp:term":[{"taxonomy":"category","embeddable":true,"href":"https:\/\/linitiative.ca\/International\/wp-json\/wp\/v2\/categories?post=110639"},{"taxonomy":"post_tag","embeddable":true,"href":"https:\/\/linitiative.ca\/International\/wp-json\/wp\/v2\/tags?post=110639"}],"curies":[{"name":"wp","href":"https:\/\/api.w.org\/{rel}","templated":true}]}}