{"id":110640,"date":"2021-02-05T10:35:39","date_gmt":"2021-02-05T15:35:39","guid":{"rendered":"https:\/\/linitiative.ca\/International\/tanger-le-projet-de-3eme-station-de-traitement-des-eaux-usees-a-lordre-du-jour-du-conseil-de-la-ville\/"},"modified":"2021-02-05T10:35:39","modified_gmt":"2021-02-05T15:35:39","slug":"tanger-le-projet-de-3eme-station-de-traitement-des-eaux-usees-a-lordre-du-jour-du-conseil-de-la-ville","status":"publish","type":"post","link":"https:\/\/linitiative.ca\/International\/tanger-le-projet-de-3eme-station-de-traitement-des-eaux-usees-a-lordre-du-jour-du-conseil-de-la-ville\/","title":{"rendered":"Tanger : Le projet de 3\u00e8me station de traitement  des eaux us\u00e9es \u00e0 l\u2019ordre du jour du Conseil de la ville"},"content":{"rendered":"<header>\n<\/header>\n<div class=\"entry-content clearfix\" readability=\"62\"><img decoding=\"async\" class=\"post_layout_5_img\" src=\"http:\/\/aujourdhui.ma\/wp-content\/uploads\/2021\/02\/Tanger-Le-projet-de-3eme-station-de-traitement-des-eaux-usees-a-lordre-du-jour-du-Conseil-de-la-ville.jpg\" alt=\"Tanger : Le projet de 3&#xE8;me station de traitement des eaux us&#xE9;es &#xE0; l&#x2019;ordre du jour du Conseil de la ville\"\/><\/p>\n<p><span class=\"c5\"><strong>En r\u00e9ponse \u00e0 une p\u00e9tition qui a \u00e9t\u00e9 adress\u00e9e \u00e0 la mairie<\/strong><\/span><span id=\"more-367509\"\/><\/p>\n<p>Le plaidoyer des repr\u00e9sentants de la soci\u00e9t\u00e9 civile locale pour la cr\u00e9ation d\u2019une troisi\u00e8me station de traitement des eaux us\u00e9es \u00e0 Tanger porte ses fruits. A cet effet et en r\u00e9ponse \u00e0 une p\u00e9tition lanc\u00e9e il y a pr\u00e8s d\u2019un mois, par un collectif associatif, la mairie de Tanger vient d\u2019y r\u00e9pondre favorablement via courrier adress\u00e9 \u00e0 l\u2019Observatoire pour la protection de l\u2019environnement et des monuments historiques de Tanger (OPEMH), \u00e0 l\u2019origine de cette campagne de plaidoyer. L\u2019\u00e9quipe communale a fait part \u00e0 travers ce courrier de sa d\u00e9cision d\u2019inclure le projet de troisi\u00e8me station de traitement des eaux us\u00e9es dans l\u2019ordre du jour de la premi\u00e8re s\u00e9ance de la session ordinaire du Conseil, pr\u00e9vue le 5 f\u00e9vrier.<\/p>\n<p>Avant le d\u00e9p\u00f4t de la p\u00e9tition \u00e0 la mairie, l\u2019OPEMH avait proc\u00e9d\u00e9 \u00e0 \u00abl\u2019organisation d\u2019une s\u00e9rie de formations, en coordination avec la soci\u00e9t\u00e9 civile de la ville de Tanger, charg\u00e9e de r\u00e9diger une p\u00e9tition et un m\u00e9morandum expliquant les raisons et les motifs de la n\u00e9cessit\u00e9 d\u2019inclure une troisi\u00e8me station pour le traitement des eaux us\u00e9es \u00e0 l\u2019ordre du jour de la prochaine session du Conseil\u00bb, selon l\u2019Observatoire.<br \/>Selon l\u2019OPEMH, ce projet est d\u2019une grande importance, \u00e9tant donn\u00e9 que Tanger conna\u00eet une dynamique urbaine et une grande croissance d\u00e9mographique avec plus d\u2019un million d\u2019habitants. Ce nouveau projet permet \u00e0 la ville du d\u00e9troit de rattraper son retard en mati\u00e8re de traitement et de r\u00e9utilisation des eaux us\u00e9es dans l\u2019arrosage des espaces verts. D\u2019autant plus que Tanger ne dispose actuellement que des deux stations d\u2019\u00e9puration de Bouknadel et Boukhalef. La premi\u00e8re structure permet le traitement de plus de 170.000 m3 par jour. Tandis que la seconde est d\u2019une capacit\u00e9 de traitement de 5.000 m3 par jour. Ainsi les deux stations ne peuvent pas tous deux d\u00e9passer 20% de la quantit\u00e9 de d\u00e9chets liquides de la ville.<\/p>\n<p>Rappelons que cette campagne de plaidoyer en faveur de la cr\u00e9ation de cette troisi\u00e8me station fait partie du projet de troisi\u00e8me station fait partie du projet \u00abEaux vertes\u00bb, qui a \u00e9t\u00e9 lanc\u00e9 par l\u2019OPEMH, il y a pr\u00e8s de huit mois, dans le cadre du programme d\u2019appui \u00e0 la soci\u00e9t\u00e9 civile \u00abMoucharaka Mouwatina\u00bb, dont le financement est assur\u00e9 par l\u2019Union europ\u00e9enne. Ce projet vise \u00e0 contribuer \u00e0 r\u00e9duire les impacts n\u00e9gatifs des eaux us\u00e9es sur la ville de Tanger et pr\u00e9server cette ressource vitale en renfor\u00e7ant les capacit\u00e9s des acteurs locaux sur les impacts n\u00e9gatifs des eaux us\u00e9es et cr\u00e9er un comit\u00e9 multi-acteurs pour surveiller et contr\u00f4ler la pollution de l\u2019eau. Dans ce contexte, \u00abEaux vertes\u00bb a \u00e9t\u00e9 \u00e0 l\u2019origine d\u2019une \u00e9tude analytique de diagnostic de l\u2019\u00e9tat des lieux de gestion de service de traitement et le lancement d\u2019une capsule de sensibilisation \u00e0 leurs effets n\u00e9gatifs et comment rationaliser l\u2019utilisation de l\u2019eau potable.<\/p>\n<\/div>\n<p>Auteur: Najat Fa\u00efssal<br \/>\n<a href=\"https:\/\/aujourdhui.ma\/actualite\/tanger-le-projet-de-3eme-station-de-traitement-des-eaux-usees-a-lordre-du-jour-du-conseil-de-la-ville\">Cliquez ici pour lire l&rsquo;article depuis sa source.<\/a><\/p>\n","protected":false},"excerpt":{"rendered":"<p>En r\u00e9ponse \u00e0 une p\u00e9tition qui a \u00e9t\u00e9 adress\u00e9e \u00e0 la mairie Le plaidoyer des repr\u00e9sentants de la soci\u00e9t\u00e9 civile locale pour la cr\u00e9ation d\u2019une troisi\u00e8me station de traitement des eaux us\u00e9es \u00e0 Tanger porte ses fruits. A cet effet et en r\u00e9ponse \u00e0 une p\u00e9tition lanc\u00e9e il y a pr\u00e8s d\u2019un mois, par un [&hellip;]<\/p>\n","protected":false},"author":1759,"featured_media":0,"comment_status":"closed","ping_status":"closed","sticky":false,"template":"","format":"standard","meta":{"fifu_image_url":"http:\/\/aujourdhui.ma\/wp-content\/uploads\/2021\/02\/Tanger-Le-projet-de-3eme-station-de-traitement-des-eaux-usees-a-lordre-du-jour-du-Conseil-de-la-ville.jpg","fifu_image_alt":"Tanger : Le projet de 3\u00e8me station de traitement  des eaux us\u00e9es \u00e0 l\u2019ordre du jour du Conseil de la ville","footnotes":""},"categories":[73,54],"tags":[],"class_list":["post-110640","post","type-post","status-publish","format-standard","hentry","category-actualite","category-maroc"],"_links":{"self":[{"href":"https:\/\/linitiative.ca\/International\/wp-json\/wp\/v2\/posts\/110640","targetHints":{"allow":["GET"]}}],"collection":[{"href":"https:\/\/linitiative.ca\/International\/wp-json\/wp\/v2\/posts"}],"about":[{"href":"https:\/\/linitiative.ca\/International\/wp-json\/wp\/v2\/types\/post"}],"author":[{"embeddable":true,"href":"https:\/\/linitiative.ca\/International\/wp-json\/wp\/v2\/users\/1759"}],"replies":[{"embeddable":true,"href":"https:\/\/linitiative.ca\/International\/wp-json\/wp\/v2\/comments?post=110640"}],"version-history":[{"count":0,"href":"https:\/\/linitiative.ca\/International\/wp-json\/wp\/v2\/posts\/110640\/revisions"}],"wp:attachment":[{"href":"https:\/\/linitiative.ca\/International\/wp-json\/wp\/v2\/media?parent=110640"}],"wp:term":[{"taxonomy":"category","embeddable":true,"href":"https:\/\/linitiative.ca\/International\/wp-json\/wp\/v2\/categories?post=110640"},{"taxonomy":"post_tag","embeddable":true,"href":"https:\/\/linitiative.ca\/International\/wp-json\/wp\/v2\/tags?post=110640"}],"curies":[{"name":"wp","href":"https:\/\/api.w.org\/{rel}","templated":true}]}}