{"id":110641,"date":"2021-02-05T10:45:07","date_gmt":"2021-02-05T15:45:07","guid":{"rendered":"https:\/\/linitiative.ca\/International\/berrechid-demantelement-dune-bande-de-cambrioleurs\/"},"modified":"2021-02-05T10:45:07","modified_gmt":"2021-02-05T15:45:07","slug":"berrechid-demantelement-dune-bande-de-cambrioleurs","status":"publish","type":"post","link":"https:\/\/linitiative.ca\/International\/berrechid-demantelement-dune-bande-de-cambrioleurs\/","title":{"rendered":"Berrechid : D\u00e9mant\u00e8lement d\u2019une bande de cambrioleurs"},"content":{"rendered":"<header>\n<\/header>\n<div class=\"entry-content clearfix\" readability=\"43\"><img decoding=\"async\" class=\"post_layout_5_img\" src=\"http:\/\/aujourdhui.ma\/wp-content\/uploads\/2017\/01\/arrestation-crime.jpg\" alt=\"Berrechid : D&#xE9;mant&#xE8;lement d&#x2019;une bande de cambrioleurs\"\/><\/p>\n<p><strong>Deux membres d\u2019une bande de malfaiteurs ont \u00e9t\u00e9 mis, mercredi, hors d\u2019\u00e9tat de nuire par les \u00e9l\u00e9ments de la gendarmerie royale de Berrechid.<\/strong><span id=\"more-367538\"\/><\/p>\n<p>Un troisi\u00e8me suspect demeure en fuite.<br \/>La derni\u00e8re op\u00e9ration commise par cette bande remonte \u00e0 la nuit du samedi au dimanche 30 au 31 janvier, quand elle a cambriol\u00e9 un commerce pour la vente des t\u00e9l\u00e9phones portables situ\u00e9 dans la r\u00e9gion de Deroua relevant de la province de Berrechid. Mobilis\u00e9s, les limiers de la gendarmerie royale sont arriv\u00e9s \u00e0 identifier les mis en cause dont le premier a \u00e9t\u00e9 arr\u00eat\u00e9 dans la r\u00e9gion de Rahma, \u00e0 Casablanca. Il s\u2019agit d\u2019un homme de trente-six ans qui a r\u00e9v\u00e9l\u00e9 que les membres de sa bande avaient perp\u00e9tr\u00e9 plusieurs cambriolages et agressions. Il leur a \u00e9galement indiqu\u00e9 les lieux fr\u00e9quent\u00e9s par le deuxi\u00e8me malfrat. Ce dernier a \u00e9t\u00e9 \u00e9pingl\u00e9 \u00e0 Ma\u00e2rif. Chez lui plusieurs smartphones ont \u00e9t\u00e9 saisis. Quant au troisi\u00e8me suspect il fait l\u2019objet d\u2019une note de recherche.<\/p>\n<\/div>\n<p>Auteur: Abderrafii ALOUMLIKI<br \/>\n<a href=\"https:\/\/aujourdhui.ma\/faits-divers\/berrechid-demantelement-dune-bande-de-cambrioleurs\">Cliquez ici pour lire l&rsquo;article depuis sa source.<\/a><\/p>\n","protected":false},"excerpt":{"rendered":"<p>Deux membres d\u2019une bande de malfaiteurs ont \u00e9t\u00e9 mis, mercredi, hors d\u2019\u00e9tat de nuire par les \u00e9l\u00e9ments de la gendarmerie royale de Berrechid. Un troisi\u00e8me suspect demeure en fuite.La derni\u00e8re op\u00e9ration commise par cette bande remonte \u00e0 la nuit du samedi au dimanche 30 au 31 janvier, quand elle a cambriol\u00e9 un commerce pour la [&hellip;]<\/p>\n","protected":false},"author":1759,"featured_media":0,"comment_status":"closed","ping_status":"closed","sticky":false,"template":"","format":"standard","meta":{"fifu_image_url":"http:\/\/aujourdhui.ma\/wp-content\/uploads\/2017\/01\/arrestation-crime.jpg","fifu_image_alt":"Berrechid : D\u00e9mant\u00e8lement d\u2019une bande de cambrioleurs","footnotes":""},"categories":[73,54],"tags":[],"class_list":["post-110641","post","type-post","status-publish","format-standard","hentry","category-actualite","category-maroc"],"_links":{"self":[{"href":"https:\/\/linitiative.ca\/International\/wp-json\/wp\/v2\/posts\/110641","targetHints":{"allow":["GET"]}}],"collection":[{"href":"https:\/\/linitiative.ca\/International\/wp-json\/wp\/v2\/posts"}],"about":[{"href":"https:\/\/linitiative.ca\/International\/wp-json\/wp\/v2\/types\/post"}],"author":[{"embeddable":true,"href":"https:\/\/linitiative.ca\/International\/wp-json\/wp\/v2\/users\/1759"}],"replies":[{"embeddable":true,"href":"https:\/\/linitiative.ca\/International\/wp-json\/wp\/v2\/comments?post=110641"}],"version-history":[{"count":0,"href":"https:\/\/linitiative.ca\/International\/wp-json\/wp\/v2\/posts\/110641\/revisions"}],"wp:attachment":[{"href":"https:\/\/linitiative.ca\/International\/wp-json\/wp\/v2\/media?parent=110641"}],"wp:term":[{"taxonomy":"category","embeddable":true,"href":"https:\/\/linitiative.ca\/International\/wp-json\/wp\/v2\/categories?post=110641"},{"taxonomy":"post_tag","embeddable":true,"href":"https:\/\/linitiative.ca\/International\/wp-json\/wp\/v2\/tags?post=110641"}],"curies":[{"name":"wp","href":"https:\/\/api.w.org\/{rel}","templated":true}]}}