{"id":110645,"date":"2021-02-05T05:55:26","date_gmt":"2021-02-05T10:55:26","guid":{"rendered":"https:\/\/linitiative.ca\/International\/ali-kooli-le-gouvernement-envisage-un-pret-syndique\/"},"modified":"2021-02-05T05:55:26","modified_gmt":"2021-02-05T10:55:26","slug":"ali-kooli-le-gouvernement-envisage-un-pret-syndique","status":"publish","type":"post","link":"https:\/\/linitiative.ca\/International\/ali-kooli-le-gouvernement-envisage-un-pret-syndique\/","title":{"rendered":"Ali Kooli : le gouvernement envisage un pr\u00eat syndiqu\u00e9"},"content":{"rendered":"<div class=\"td-post-content\">\n<h2>Kooli, a tenu une r\u00e9union avec des directeurs g\u00e9n\u00e9raux de banques et<\/h2>\n<h2>institutions financi\u00e8res tunisiennes. Le membre du gouvernement a \u00e9tudi\u00e9<\/h2>\n<h2>les opportunit\u00e9s de renforcer le budget de l\u2019Etat. La chose s\u2019op\u00e9rera via un<\/h2>\n<h2>pr\u00eat syndiqu\u00e9 aupr\u00e8s des institutions financi\u00e8res tunisiennes.<\/h2>\n<p class=\"news_item_view_plain_text\">En effet, les pr\u00e9visions du gouvernement tablent sur un\u00a0<a href=\"http:\/\/www.leconomistemaghrebin.com\/2021\/02\/04\/aggravation-deficit-budgetaire-91-a-71-milliards-dinars-fin-novembre-2020\/\" target=\"_blank\" rel=\"noopener noreferrer\">d\u00e9ficit budg\u00e9taire<\/a>\u00a0pour l\u2019exercice 2021 d\u2019environ 7,094 milliards de dinars. Alors, ce d\u00e9ficit est \u00e9quivalent \u00e0 environ 7% du PIB. Les d\u00e9penses de l\u2019Etat seront de l\u2019ordre de 40,203 milliards de dinars, contre des recettes de 33,109 milliards de dinars.<\/p>\n<p class=\"news_item_view_plain_text\">Par cons\u00e9quent, le gouvernement envisage de mobiliser 5,580 milliards de dinars sur le march\u00e9 int\u00e9rieur. Donc, cette somme vient compenser un des besoins en cr\u00e9dit. Effectivement, pour financer le budget de l\u2019\u00c9tat pour 2021, le gouvernement doit r\u00e9pondre \u00e0 un besoin de 18 milliards de dinars<\/p>\n<p class=\"news_item_view_plain_text\">A cet \u00e9gard, les repr\u00e9sentants du secteur financier ont exprim\u00e9 leur volont\u00e9 de pr\u00e9senter des offres r\u00e9pondant aux besoins de l\u2019Etat. Ainsi, ils se sont engag\u00e9s \u00e0 soutenir l\u2019\u00e9conomie nationale; de m\u00eame que les efforts de l\u2019Etat pour redynamiser l\u2019activit\u00e9 \u00e9conomique et booster l\u2019investissement. C\u2019est ce que souligne un communiqu\u00e9 publi\u00e9 par le minist\u00e8re des Finances.<\/p>\n<p class=\"news_item_view_plain_text\">De son c\u00f4t\u00e9, Kooli a mis l\u2019accent sur l\u2019importance du r\u00f4le du secteur bancaire dans le renforcement des efforts de l\u2019Etat dans l\u2019ex\u00e9cution des budgets. Il a \u00e9galement soulign\u00e9 son r\u00f4le dans le soutien des programmes de d\u00e9veloppement.<\/p>\n<p class=\"news_item_view_plain_text\">Sachant que le gouvernement s\u2019est endett\u00e9, auparavant, aupr\u00e8s des banques tunisiennes pour financer le budget. A noter que l\u2019article 25 de la loi n\u00b0 2016-35 du 25 avril 2016, portant fixation du statut de la Banque centrale de Tunisie, n\u2019autorise pas l\u2019Institut d\u2019\u00e9mission \u00e0 financer le budget.<\/p>\n<p><em>Avec TAP<\/em><\/p>\n<\/div>\n<footer>\n<\/footer>\n<div class=\"wp-post-author-wrap wp-post-author-shortcode left\">\n<h3 class=\"awpa-title\"\/>\n<div class=\"wp-post-author\">\n<div class=\"awpa-img awpa-author-block square\"><a href=\"http:\/\/lexpertjournal.net\/fr\/?author=5\"><img loading=\"lazy\" decoding=\"async\" alt=\"\" src=\"http:\/\/0.gravatar.com\/avatar\/97f8e10a1c1125ba104a76514ee07b16?s=150&amp;d=mm&amp;r=g\" srcset=\"http:\/\/0.gravatar.com\/avatar\/97f8e10a1c1125ba104a76514ee07b16?s=300&amp;d=mm&amp;r=g 2x\" class=\"avatar avatar-150 photo\" height=\"150\" width=\"150\"\/><\/a><\/div>\n<\/div>\n<\/div>\n<aside class=\"mashsb-container mashsb-main mashsb-stretched\">\n<\/aside>\n<p>Auteur: L&rsquo;expert<br \/>\n<a href=\"http:\/\/lexpertjournal.net\/fr\/?p=18530\">Cliquez ici pour lire l&rsquo;article depuis sa source.<\/a><\/p>\n","protected":false},"excerpt":{"rendered":"<p>Kooli, a tenu une r\u00e9union avec des directeurs g\u00e9n\u00e9raux de banques et institutions financi\u00e8res tunisiennes. Le membre du gouvernement a \u00e9tudi\u00e9 les opportunit\u00e9s de renforcer le budget de l\u2019Etat. La chose s\u2019op\u00e9rera via un pr\u00eat syndiqu\u00e9 aupr\u00e8s des institutions financi\u00e8res tunisiennes. En effet, les pr\u00e9visions du gouvernement tablent sur un\u00a0d\u00e9ficit budg\u00e9taire\u00a0pour l\u2019exercice 2021 d\u2019environ 7,094 [&hellip;]<\/p>\n","protected":false},"author":1775,"featured_media":0,"comment_status":"closed","ping_status":"closed","sticky":false,"template":"","format":"standard","meta":{"fifu_image_url":"http:\/\/0.gravatar.com\/avatar\/97f8e10a1c1125ba104a76514ee07b16?s=150&d=mm&r=g","fifu_image_alt":"Ali Kooli : le gouvernement envisage un pr\u00eat syndiqu\u00e9","footnotes":""},"categories":[78,55],"tags":[],"class_list":["post-110645","post","type-post","status-publish","format-standard","hentry","category-economie","category-tunisie"],"_links":{"self":[{"href":"https:\/\/linitiative.ca\/International\/wp-json\/wp\/v2\/posts\/110645","targetHints":{"allow":["GET"]}}],"collection":[{"href":"https:\/\/linitiative.ca\/International\/wp-json\/wp\/v2\/posts"}],"about":[{"href":"https:\/\/linitiative.ca\/International\/wp-json\/wp\/v2\/types\/post"}],"author":[{"embeddable":true,"href":"https:\/\/linitiative.ca\/International\/wp-json\/wp\/v2\/users\/1775"}],"replies":[{"embeddable":true,"href":"https:\/\/linitiative.ca\/International\/wp-json\/wp\/v2\/comments?post=110645"}],"version-history":[{"count":0,"href":"https:\/\/linitiative.ca\/International\/wp-json\/wp\/v2\/posts\/110645\/revisions"}],"wp:attachment":[{"href":"https:\/\/linitiative.ca\/International\/wp-json\/wp\/v2\/media?parent=110645"}],"wp:term":[{"taxonomy":"category","embeddable":true,"href":"https:\/\/linitiative.ca\/International\/wp-json\/wp\/v2\/categories?post=110645"},{"taxonomy":"post_tag","embeddable":true,"href":"https:\/\/linitiative.ca\/International\/wp-json\/wp\/v2\/tags?post=110645"}],"curies":[{"name":"wp","href":"https:\/\/api.w.org\/{rel}","templated":true}]}}